{"id":1173,"date":"2023-06-23T09:07:00","date_gmt":"2023-06-23T14:07:00","guid":{"rendered":"https:\/\/lomasaltas.edu.mx\/?p=1173"},"modified":"2023-08-08T09:15:15","modified_gmt":"2023-08-08T14:15:15","slug":"ela-celebrates-2022-2023-graduation","status":"publish","type":"post","link":"https:\/\/lomasaltas.edu.mx\/es\/ela-celebrates-2022-2023-graduation\/","title":{"rendered":"ELA celebra su graduaci\u00f3n 2022-2023"},"content":{"rendered":"<p>Este 23 de junio de 2023, nuestros alumnos de Primaria celebraron su graduaci\u00f3n. A trav\u00e9s de una combinaci\u00f3n de discursos de los miembros del personal de Escuela Lomas Altas e interpretaciones musicales en nombre de nuestros estudiantes, marcamos el paso de otro ciclo acad\u00e9mico.<br>Estamos muy orgullosos de todos nuestros graduados y les deseamos lo mejor a nuestros alumnos de sexto grado mientras contin\u00faan sus carreras acad\u00e9micas m\u00e1s all\u00e1 de Escuela Lomas Altas.<\/p>","protected":false},"excerpt":{"rendered":"<p>This 23rd, June 2023, our Primary School students celebrated their graduation. Through a combination of speeches from Escuela Lomas Altas staff members, and musical interpretations on behalf of our students, we marked the passing of another academic year.We are so proud of all our graduates and wish our Sixth Graders the very best as they [&hellip;]<\/p>","protected":false},"author":3,"featured_media":530,"comment_status":"open","ping_status":"open","sticky":false,"template":"","format":"standard","meta":{"footnotes":""},"categories":[1],"tags":[],"class_list":["post-1173","post","type-post","status-publish","format-standard","has-post-thumbnail","hentry","category-uncategorized"],"yoast_head":"<!-- This site is optimized with the Yoast SEO plugin v26.8 - https:\/\/yoast.com\/product\/yoast-seo-wordpress\/ -->\n<title>ELA Celebrates 2022-2023 Graduation - Escuela Lomas Altas<\/title>\n<meta name=\"robots\" content=\"index, follow, max-snippet:-1, max-image-preview:large, max-video-preview:-1\" \/>\n<link rel=\"canonical\" href=\"https:\/\/lomasaltas.edu.mx\/es\/ela-celebrates-2022-2023-graduation\/\" \/>\n<meta property=\"og:locale\" content=\"es_ES\" \/>\n<meta property=\"og:type\" content=\"article\" \/>\n<meta property=\"og:title\" content=\"ELA Celebrates 2022-2023 Graduation - Escuela Lomas Altas\" \/>\n<meta property=\"og:description\" content=\"This 23rd, June 2023, our Primary School students celebrated their graduation. Through a combination of speeches from Escuela Lomas Altas staff members, and musical interpretations on behalf of our students, we marked the passing of another academic year.We are so proud of all our graduates and wish our Sixth Graders the very best as they [&hellip;]\" \/>\n<meta property=\"og:url\" content=\"https:\/\/lomasaltas.edu.mx\/es\/ela-celebrates-2022-2023-graduation\/\" \/>\n<meta property=\"og:site_name\" content=\"Escuela Lomas Altas\" \/>\n<meta property=\"article:published_time\" content=\"2023-06-23T14:07:00+00:00\" \/>\n<meta property=\"article:modified_time\" content=\"2023-08-08T14:15:15+00:00\" \/>\n<meta property=\"og:image\" content=\"https:\/\/lomasaltas.edu.mx\/wp-content\/uploads\/2021\/01\/blog_ela.png\" \/>\n\t<meta property=\"og:image:width\" content=\"1562\" \/>\n\t<meta property=\"og:image:height\" content=\"700\" \/>\n\t<meta property=\"og:image:type\" content=\"image\/png\" \/>\n<meta name=\"author\" content=\"Manuel Gonz\u00e1lez\" \/>\n<meta name=\"twitter:card\" content=\"summary_large_image\" \/>\n<meta name=\"twitter:label1\" content=\"Escrito por\" \/>\n\t<meta name=\"twitter:data1\" content=\"Manuel Gonz\u00e1lez\" \/>\n\t<meta name=\"twitter:label2\" content=\"Tiempo de lectura\" \/>\n\t<meta name=\"twitter:data2\" content=\"1 minuto\" \/>\n<script type=\"application\/ld+json\" class=\"yoast-schema-graph\">{\"@context\":\"https:\/\/schema.org\",\"@graph\":[{\"@type\":\"Article\",\"@id\":\"https:\/\/lomasaltas.edu.mx\/ela-celebrates-2022-2023-graduation\/#article\",\"isPartOf\":{\"@id\":\"https:\/\/lomasaltas.edu.mx\/ela-celebrates-2022-2023-graduation\/\"},\"author\":{\"name\":\"Manuel Gonz\u00e1lez\",\"@id\":\"https:\/\/lomasaltas.edu.mx\/#\/schema\/person\/db9455d26a1c5b553b0df1be9ea06b9e\"},\"headline\":\"ELA Celebrates 2022-2023 Graduation\",\"datePublished\":\"2023-06-23T14:07:00+00:00\",\"dateModified\":\"2023-08-08T14:15:15+00:00\",\"mainEntityOfPage\":{\"@id\":\"https:\/\/lomasaltas.edu.mx\/ela-celebrates-2022-2023-graduation\/\"},\"wordCount\":67,\"commentCount\":0,\"publisher\":{\"@id\":\"https:\/\/lomasaltas.edu.mx\/#organization\"},\"image\":{\"@id\":\"https:\/\/lomasaltas.edu.mx\/ela-celebrates-2022-2023-graduation\/#primaryimage\"},\"thumbnailUrl\":\"https:\/\/lomasaltas.edu.mx\/wp-content\/uploads\/2021\/01\/blog_ela.png\",\"articleSection\":[\"Uncategorized\"],\"inLanguage\":\"es\",\"potentialAction\":[{\"@type\":\"CommentAction\",\"name\":\"Comment\",\"target\":[\"https:\/\/lomasaltas.edu.mx\/ela-celebrates-2022-2023-graduation\/#respond\"]}]},{\"@type\":\"WebPage\",\"@id\":\"https:\/\/lomasaltas.edu.mx\/ela-celebrates-2022-2023-graduation\/\",\"url\":\"https:\/\/lomasaltas.edu.mx\/ela-celebrates-2022-2023-graduation\/\",\"name\":\"ELA Celebrates 2022-2023 Graduation - Escuela Lomas Altas\",\"isPartOf\":{\"@id\":\"https:\/\/lomasaltas.edu.mx\/#website\"},\"primaryImageOfPage\":{\"@id\":\"https:\/\/lomasaltas.edu.mx\/ela-celebrates-2022-2023-graduation\/#primaryimage\"},\"image\":{\"@id\":\"https:\/\/lomasaltas.edu.mx\/ela-celebrates-2022-2023-graduation\/#primaryimage\"},\"thumbnailUrl\":\"https:\/\/lomasaltas.edu.mx\/wp-content\/uploads\/2021\/01\/blog_ela.png\",\"datePublished\":\"2023-06-23T14:07:00+00:00\",\"dateModified\":\"2023-08-08T14:15:15+00:00\",\"breadcrumb\":{\"@id\":\"https:\/\/lomasaltas.edu.mx\/ela-celebrates-2022-2023-graduation\/#breadcrumb\"},\"inLanguage\":\"es\",\"potentialAction\":[{\"@type\":\"ReadAction\",\"target\":[\"https:\/\/lomasaltas.edu.mx\/ela-celebrates-2022-2023-graduation\/\"]}]},{\"@type\":\"ImageObject\",\"inLanguage\":\"es\",\"@id\":\"https:\/\/lomasaltas.edu.mx\/ela-celebrates-2022-2023-graduation\/#primaryimage\",\"url\":\"https:\/\/lomasaltas.edu.mx\/wp-content\/uploads\/2021\/01\/blog_ela.png\",\"contentUrl\":\"https:\/\/lomasaltas.edu.mx\/wp-content\/uploads\/2021\/01\/blog_ela.png\",\"width\":1562,\"height\":700},{\"@type\":\"BreadcrumbList\",\"@id\":\"https:\/\/lomasaltas.edu.mx\/ela-celebrates-2022-2023-graduation\/#breadcrumb\",\"itemListElement\":[{\"@type\":\"ListItem\",\"position\":1,\"name\":\"Home\",\"item\":\"https:\/\/lomasaltas.edu.mx\/\"},{\"@type\":\"ListItem\",\"position\":2,\"name\":\"ELA Celebrates 2022-2023 Graduation\"}]},{\"@type\":\"WebSite\",\"@id\":\"https:\/\/lomasaltas.edu.mx\/#website\",\"url\":\"https:\/\/lomasaltas.edu.mx\/\",\"name\":\"Escuela Lomas Altas\",\"description\":\"Love for learning\",\"publisher\":{\"@id\":\"https:\/\/lomasaltas.edu.mx\/#organization\"},\"potentialAction\":[{\"@type\":\"SearchAction\",\"target\":{\"@type\":\"EntryPoint\",\"urlTemplate\":\"https:\/\/lomasaltas.edu.mx\/?s={search_term_string}\"},\"query-input\":{\"@type\":\"PropertyValueSpecification\",\"valueRequired\":true,\"valueName\":\"search_term_string\"}}],\"inLanguage\":\"es\"},{\"@type\":\"Organization\",\"@id\":\"https:\/\/lomasaltas.edu.mx\/#organization\",\"name\":\"Escuela Lomas Altas\",\"url\":\"https:\/\/lomasaltas.edu.mx\/\",\"logo\":{\"@type\":\"ImageObject\",\"inLanguage\":\"es\",\"@id\":\"https:\/\/lomasaltas.edu.mx\/#\/schema\/logo\/image\/\",\"url\":\"https:\/\/lomasaltas.edu.mx\/wp-content\/uploads\/2020\/07\/logo_ela_5.png\",\"contentUrl\":\"https:\/\/lomasaltas.edu.mx\/wp-content\/uploads\/2020\/07\/logo_ela_5.png\",\"width\":1038,\"height\":348,\"caption\":\"Escuela Lomas Altas\"},\"image\":{\"@id\":\"https:\/\/lomasaltas.edu.mx\/#\/schema\/logo\/image\/\"}},{\"@type\":\"Person\",\"@id\":\"https:\/\/lomasaltas.edu.mx\/#\/schema\/person\/db9455d26a1c5b553b0df1be9ea06b9e\",\"name\":\"Manuel Gonz\u00e1lez\",\"image\":{\"@type\":\"ImageObject\",\"inLanguage\":\"es\",\"@id\":\"https:\/\/lomasaltas.edu.mx\/#\/schema\/person\/image\/\",\"url\":\"https:\/\/secure.gravatar.com\/avatar\/3c75af338bf346a59ef3547872a84cd0?s=96&d=mm&r=g\",\"contentUrl\":\"https:\/\/secure.gravatar.com\/avatar\/3c75af338bf346a59ef3547872a84cd0?s=96&d=mm&r=g\",\"caption\":\"Manuel Gonz\u00e1lez\"},\"url\":\"https:\/\/lomasaltas.edu.mx\/es\/author\/manuel_gonzalez\/\"}]}<\/script>\n<!-- \/ Yoast SEO plugin. -->","yoast_head_json":{"title":"ELA Celebrates 2022-2023 Graduation - Escuela Lomas Altas","robots":{"index":"index","follow":"follow","max-snippet":"max-snippet:-1","max-image-preview":"max-image-preview:large","max-video-preview":"max-video-preview:-1"},"canonical":"https:\/\/lomasaltas.edu.mx\/es\/ela-celebrates-2022-2023-graduation\/","og_locale":"es_ES","og_type":"article","og_title":"ELA Celebrates 2022-2023 Graduation - Escuela Lomas Altas","og_description":"This 23rd, June 2023, our Primary School students celebrated their graduation. Through a combination of speeches from Escuela Lomas Altas staff members, and musical interpretations on behalf of our students, we marked the passing of another academic year.We are so proud of all our graduates and wish our Sixth Graders the very best as they [&hellip;]","og_url":"https:\/\/lomasaltas.edu.mx\/es\/ela-celebrates-2022-2023-graduation\/","og_site_name":"Escuela Lomas Altas","article_published_time":"2023-06-23T14:07:00+00:00","article_modified_time":"2023-08-08T14:15:15+00:00","og_image":[{"width":1562,"height":700,"url":"https:\/\/lomasaltas.edu.mx\/wp-content\/uploads\/2021\/01\/blog_ela.png","type":"image\/png"}],"author":"Manuel Gonz\u00e1lez","twitter_card":"summary_large_image","twitter_misc":{"Escrito por":"Manuel Gonz\u00e1lez","Tiempo de lectura":"1 minuto"},"schema":{"@context":"https:\/\/schema.org","@graph":[{"@type":"Article","@id":"https:\/\/lomasaltas.edu.mx\/ela-celebrates-2022-2023-graduation\/#article","isPartOf":{"@id":"https:\/\/lomasaltas.edu.mx\/ela-celebrates-2022-2023-graduation\/"},"author":{"name":"Manuel Gonz\u00e1lez","@id":"https:\/\/lomasaltas.edu.mx\/#\/schema\/person\/db9455d26a1c5b553b0df1be9ea06b9e"},"headline":"ELA Celebrates 2022-2023 Graduation","datePublished":"2023-06-23T14:07:00+00:00","dateModified":"2023-08-08T14:15:15+00:00","mainEntityOfPage":{"@id":"https:\/\/lomasaltas.edu.mx\/ela-celebrates-2022-2023-graduation\/"},"wordCount":67,"commentCount":0,"publisher":{"@id":"https:\/\/lomasaltas.edu.mx\/#organization"},"image":{"@id":"https:\/\/lomasaltas.edu.mx\/ela-celebrates-2022-2023-graduation\/#primaryimage"},"thumbnailUrl":"https:\/\/lomasaltas.edu.mx\/wp-content\/uploads\/2021\/01\/blog_ela.png","articleSection":["Uncategorized"],"inLanguage":"es","potentialAction":[{"@type":"CommentAction","name":"Comment","target":["https:\/\/lomasaltas.edu.mx\/ela-celebrates-2022-2023-graduation\/#respond"]}]},{"@type":"WebPage","@id":"https:\/\/lomasaltas.edu.mx\/ela-celebrates-2022-2023-graduation\/","url":"https:\/\/lomasaltas.edu.mx\/ela-celebrates-2022-2023-graduation\/","name":"ELA Celebrates 2022-2023 Graduation - Escuela Lomas Altas","isPartOf":{"@id":"https:\/\/lomasaltas.edu.mx\/#website"},"primaryImageOfPage":{"@id":"https:\/\/lomasaltas.edu.mx\/ela-celebrates-2022-2023-graduation\/#primaryimage"},"image":{"@id":"https:\/\/lomasaltas.edu.mx\/ela-celebrates-2022-2023-graduation\/#primaryimage"},"thumbnailUrl":"https:\/\/lomasaltas.edu.mx\/wp-content\/uploads\/2021\/01\/blog_ela.png","datePublished":"2023-06-23T14:07:00+00:00","dateModified":"2023-08-08T14:15:15+00:00","breadcrumb":{"@id":"https:\/\/lomasaltas.edu.mx\/ela-celebrates-2022-2023-graduation\/#breadcrumb"},"inLanguage":"es","potentialAction":[{"@type":"ReadAction","target":["https:\/\/lomasaltas.edu.mx\/ela-celebrates-2022-2023-graduation\/"]}]},{"@type":"ImageObject","inLanguage":"es","@id":"https:\/\/lomasaltas.edu.mx\/ela-celebrates-2022-2023-graduation\/#primaryimage","url":"https:\/\/lomasaltas.edu.mx\/wp-content\/uploads\/2021\/01\/blog_ela.png","contentUrl":"https:\/\/lomasaltas.edu.mx\/wp-content\/uploads\/2021\/01\/blog_ela.png","width":1562,"height":700},{"@type":"BreadcrumbList","@id":"https:\/\/lomasaltas.edu.mx\/ela-celebrates-2022-2023-graduation\/#breadcrumb","itemListElement":[{"@type":"ListItem","position":1,"name":"Home","item":"https:\/\/lomasaltas.edu.mx\/"},{"@type":"ListItem","position":2,"name":"ELA Celebrates 2022-2023 Graduation"}]},{"@type":"WebSite","@id":"https:\/\/lomasaltas.edu.mx\/#website","url":"https:\/\/lomasaltas.edu.mx\/","name":"Escuela Lomas Altas","description":"Love for learning","publisher":{"@id":"https:\/\/lomasaltas.edu.mx\/#organization"},"potentialAction":[{"@type":"SearchAction","target":{"@type":"EntryPoint","urlTemplate":"https:\/\/lomasaltas.edu.mx\/?s={search_term_string}"},"query-input":{"@type":"PropertyValueSpecification","valueRequired":true,"valueName":"search_term_string"}}],"inLanguage":"es"},{"@type":"Organization","@id":"https:\/\/lomasaltas.edu.mx\/#organization","name":"Escuela Lomas Altas","url":"https:\/\/lomasaltas.edu.mx\/","logo":{"@type":"ImageObject","inLanguage":"es","@id":"https:\/\/lomasaltas.edu.mx\/#\/schema\/logo\/image\/","url":"https:\/\/lomasaltas.edu.mx\/wp-content\/uploads\/2020\/07\/logo_ela_5.png","contentUrl":"https:\/\/lomasaltas.edu.mx\/wp-content\/uploads\/2020\/07\/logo_ela_5.png","width":1038,"height":348,"caption":"Escuela Lomas Altas"},"image":{"@id":"https:\/\/lomasaltas.edu.mx\/#\/schema\/logo\/image\/"}},{"@type":"Person","@id":"https:\/\/lomasaltas.edu.mx\/#\/schema\/person\/db9455d26a1c5b553b0df1be9ea06b9e","name":"Manuel Gonz\u00e1lez","image":{"@type":"ImageObject","inLanguage":"es","@id":"https:\/\/lomasaltas.edu.mx\/#\/schema\/person\/image\/","url":"https:\/\/secure.gravatar.com\/avatar\/3c75af338bf346a59ef3547872a84cd0?s=96&d=mm&r=g","contentUrl":"https:\/\/secure.gravatar.com\/avatar\/3c75af338bf346a59ef3547872a84cd0?s=96&d=mm&r=g","caption":"Manuel Gonz\u00e1lez"},"url":"https:\/\/lomasaltas.edu.mx\/es\/author\/manuel_gonzalez\/"}]}},"_links":{"self":[{"href":"https:\/\/lomasaltas.edu.mx\/es\/wp-json\/wp\/v2\/posts\/1173","targetHints":{"allow":["GET"]}}],"collection":[{"href":"https:\/\/lomasaltas.edu.mx\/es\/wp-json\/wp\/v2\/posts"}],"about":[{"href":"https:\/\/lomasaltas.edu.mx\/es\/wp-json\/wp\/v2\/types\/post"}],"author":[{"embeddable":true,"href":"https:\/\/lomasaltas.edu.mx\/es\/wp-json\/wp\/v2\/users\/3"}],"replies":[{"embeddable":true,"href":"https:\/\/lomasaltas.edu.mx\/es\/wp-json\/wp\/v2\/comments?post=1173"}],"version-history":[{"count":1,"href":"https:\/\/lomasaltas.edu.mx\/es\/wp-json\/wp\/v2\/posts\/1173\/revisions"}],"predecessor-version":[{"id":1174,"href":"https:\/\/lomasaltas.edu.mx\/es\/wp-json\/wp\/v2\/posts\/1173\/revisions\/1174"}],"wp:featuredmedia":[{"embeddable":true,"href":"https:\/\/lomasaltas.edu.mx\/es\/wp-json\/wp\/v2\/media\/530"}],"wp:attachment":[{"href":"https:\/\/lomasaltas.edu.mx\/es\/wp-json\/wp\/v2\/media?parent=1173"}],"wp:term":[{"taxonomy":"category","embeddable":true,"href":"https:\/\/lomasaltas.edu.mx\/es\/wp-json\/wp\/v2\/categories?post=1173"},{"taxonomy":"post_tag","embeddable":true,"href":"https:\/\/lomasaltas.edu.mx\/es\/wp-json\/wp\/v2\/tags?post=1173"}],"curies":[{"name":"wp","href":"https:\/\/api.w.org\/{rel}","templated":true}]}}