{"id":46749,"date":"2025-08-23T23:19:51","date_gmt":"2025-08-24T05:19:51","guid":{"rendered":"https:\/\/lomasaltas.edu.mx\/?p=46749"},"modified":"2025-08-25T23:22:15","modified_gmt":"2025-08-26T05:22:15","slug":"term-three-2025-reflecting-on-the-journey-at-escuela-lomas-altas","status":"publish","type":"post","link":"https:\/\/lomasaltas.edu.mx\/es\/term-three-2025-reflecting-on-the-journey-at-escuela-lomas-altas\/","title":{"rendered":"Tercer trimestre de 2025: Reflexiones sobre el recorrido en la Escuela Lomas Altas"},"content":{"rendered":"<p>Al finalizar el tercer trimestre, reflexionamos con profunda gratitud y admiraci\u00f3n sobre los innumerables logros, las expresiones de creatividad y el firme esp\u00edritu de comunidad que han definido otro cap\u00edtulo extraordinario en la Escuela Lomas Altas. Cada logro alcanzado y cada momento feliz compartido ha iluminado la alegr\u00eda del aprendizaje y los lazos duraderos que nos unen como familia ELA. Repasemos los momentos destacados que han hecho de estos \u00faltimos meses algo verdaderamente inolvidable.<\/p>\n\n\n\n<p>Abrazando nuevos comienzos: Graduaci\u00f3n preescolar<\/p>\n\n\n\n<p>Junio \u200b\u200bofreci\u00f3 una conmovedora celebraci\u00f3n, ya que nuestros alumnos m\u00e1s peque\u00f1os celebraron su primer hito acad\u00e9mico: la graduaci\u00f3n de preescolar. Ser testigos de c\u00f3mo estas brillantes chispas maduran, florecen y desarrollan un verdadero entusiasmo por el descubrimiento ha sido un privilegio para todos los involucrados. Al dar sus primeros pasos con seguridad en la escuela primaria, no podr\u00edamos estar m\u00e1s orgullosos. A nuestros graduados de preescolar: este es solo el primero de muchos logros trascendentales, y esperamos con entusiasmo todo lo que lograr\u00e1n en su trayectoria educativa.<\/p>\n\n\n\n<p>Honrando el logro: Graduaci\u00f3n de la escuela primaria<\/p>\n\n\n\n<p>Nos sentimos inmensamente orgullosos de honrar a nuestros graduados de primaria, rode\u00e1ndolos de cari\u00f1o y \u00e1nimo al despedirlos y desearles lo mejor para las aventuras que les esperan en secundaria. Nuestros alumnos de sexto grado, convertidos en j\u00f3venes estudiantes resilientes y reflexivos, ahora emprenden la siguiente etapa de su trayectoria acad\u00e9mica. La Generaci\u00f3n 2025 ser\u00e1 para siempre parte integral de la familia ELA, con gratos recuerdos y amistades que atesorar.<\/p>\n\n\n\n<p>La indagaci\u00f3n alcanza nuevas alturas: La exposici\u00f3n del PEP<\/p>\n\n\n\n<p>Un momento destacado del trimestre fue la deslumbrante Exposici\u00f3n del PEP, organizada por nuestros alumnos de sexto grado. Centrada en el tema \"Todo este espacio\", la exposici\u00f3n fue testimonio de la inagotable curiosidad y el af\u00e1n de conocimiento de nuestros alumnos sobre nuestro mundo y el cosmos que nos rodea. Mediante la indagaci\u00f3n rigurosa, la colaboraci\u00f3n y la autorreflexi\u00f3n, nuestros estudiantes destacaron las conexiones entre la exploraci\u00f3n, la ciencia y la humanidad. Esta extraordinaria muestra de excelencia acad\u00e9mica, mentalidad global y dedicaci\u00f3n captura a la perfecci\u00f3n la esencia del esp\u00edritu del Bachillerato Internacional en ELA.<\/p>\n\n\n\n<p>La magia de contar cuentos: \u201cCu\u00e9ntame un cuento\u201d en segundo grado<\/p>\n\n\n\n<p>La creatividad encontr\u00f3 nuevas formas cuando nuestros alumnos de segundo grado se adentraron en una experiencia narrativa muy especial, inspirada en el tema transdisciplinario \"C\u00f3mo nos expresamos\". Gracias al ingenio de nuestra comunidad de padres y a los talentosos narradores de Ezzena, los alumnos descubrieron la magia de la narrativa a trav\u00e9s de cuentos creados con materiales reciclados. En esta fascinante sesi\u00f3n, los ni\u00f1os celebraron la sostenibilidad y exploraron nuevas maneras de expresar sus ideas.<\/p>\n\n\n\n<p>Encendiendo aspiraciones: una visita de Santiago Lim\u00f3n<\/p>\n\n\n\n<p>Tuvimos el privilegio de recibir al aclamado director Santiago Lim\u00f3n en ELA este trimestre. Su dedicaci\u00f3n y dedicaci\u00f3n a nuestros estudiantes despert\u00f3 la curiosidad y la ambici\u00f3n art\u00edstica, ofreciendo una perspectiva invaluable sobre las industrias creativas. Estos encuentros aut\u00e9nticos ampl\u00edan horizontes e inspiran a nuestros j\u00f3venes a so\u00f1ar con valent\u00eda, explorar con libertad y explorar sus propios caminos creativos.<\/p>\n\n\n\n<p>Celebrating Sportsmanship: Victory on the Football Pitch<\/p>\n\n\n\n<p>The spirit of teamwork was vividly displayed as our school football team secured a memorable victory against the British American School. Determined, focused and united, our players remind us how perseverance and camaraderie can triumph both on and off the pitch. This triumph serves as a proud moment for our sporting community\u2014well done, Lomas Altas!<\/p>\n\n\n\n<p>A Tapestry of Cultures: The Pre-First International Fair<\/p>\n\n\n\n<p>Our Pre-First pupils transformed our school into a microcosm of the globe with their International Fair. Through vibrant displays of national traditions, costumes, and cuisine from around the world, they shared lessons on unity and diversity forged during their inquiry into what connects us all. It was a joyous celebration of global citizenship and curiosity\u2014values at the heart of our educational philosophy.<\/p>\n\n\n\n<p>Honouring Dedication: Teachers\u2019 Day Festivities<\/p>\n\n\n\n<p>Teachers\u2019 Day this year was made truly special thanks to the boundless generosity of our parent community, who orchestrated a heartfelt celebration complete with a delightful raffle. Our teachers, whose passion and devotion shape the fabric of school life, were honoured in a manner befitting their tireless commitment. To all our staff and devoted families: your contributions are deeply appreciated.<\/p>\n\n\n\n<p>A Joyful Celebration: Children\u2019s Day<\/p>\n\n\n\n<p>No summary of Term Three would be complete without mention of our spirited Children\u2019s Day festivities. The school was alive with laughter as pupils delighted in dancing, friendly sporting competitions and imaginative crafts. Days such as these remind us that our children are the heartbeat of Escuela Lomas Altas\u2014a source of endless joy and inspiration.<\/p>\n\n\n\n<p>Mirando hacia el futuro<\/p>\n\n\n\n<p>Term Three has been a tapestry woven with triumphs, laughter, and moments of genuine connection. From the magic of storytelling to the rigours of exhibition, from sporting victories to global explorations, we have celebrated the growth and resilience that define our school.<\/p>\n\n\n\n<p>As we set our sights on the horizon, we do so with gratitude for the memories forged, and excitement for the journeys yet to come. To every student, parent, and member of staff: thank you for filling this term with warmth, grace, and that indomitable ELA spirit.<\/p>\n\n\n\n<p>Here\u2019s to ever more moments of discovery, friendship, and celebration at Escuela Lomas Altas.<\/p>","protected":false},"excerpt":{"rendered":"<p>As Term Three draws to a close, we find ourselves reflecting with deep gratitude and admiration upon the myriad achievements, expressions of creativity, and the steadfast community spirit that have defined yet another remarkable chapter at Escuela Lomas Altas. Every milestone reached and every joyful moment shared has illuminated the joy of learning and the [&hellip;]<\/p>","protected":false},"author":3,"featured_media":530,"comment_status":"open","ping_status":"open","sticky":false,"template":"","format":"standard","meta":{"footnotes":""},"categories":[1],"tags":[],"class_list":["post-46749","post","type-post","status-publish","format-standard","has-post-thumbnail","hentry","category-uncategorized"],"yoast_head":"<!-- This site is optimized with the Yoast SEO plugin v26.8 - https:\/\/yoast.com\/product\/yoast-seo-wordpress\/ -->\n<title>Term Three 2025: Reflecting on the Journey at Escuela Lomas Altas - Escuela Lomas Altas<\/title>\n<meta name=\"robots\" content=\"index, follow, max-snippet:-1, max-image-preview:large, max-video-preview:-1\" \/>\n<link rel=\"canonical\" href=\"https:\/\/lomasaltas.edu.mx\/es\/term-three-2025-reflecting-on-the-journey-at-escuela-lomas-altas\/\" \/>\n<meta property=\"og:locale\" content=\"es_ES\" \/>\n<meta property=\"og:type\" content=\"article\" \/>\n<meta property=\"og:title\" content=\"Term Three 2025: Reflecting on the Journey at Escuela Lomas Altas - Escuela Lomas Altas\" \/>\n<meta property=\"og:description\" content=\"As Term Three draws to a close, we find ourselves reflecting with deep gratitude and admiration upon the myriad achievements, expressions of creativity, and the steadfast community spirit that have defined yet another remarkable chapter at Escuela Lomas Altas. Every milestone reached and every joyful moment shared has illuminated the joy of learning and the [&hellip;]\" \/>\n<meta property=\"og:url\" content=\"https:\/\/lomasaltas.edu.mx\/es\/term-three-2025-reflecting-on-the-journey-at-escuela-lomas-altas\/\" \/>\n<meta property=\"og:site_name\" content=\"Escuela Lomas Altas\" \/>\n<meta property=\"article:published_time\" content=\"2025-08-24T05:19:51+00:00\" \/>\n<meta property=\"article:modified_time\" content=\"2025-08-26T05:22:15+00:00\" \/>\n<meta property=\"og:image\" content=\"https:\/\/lomasaltas.edu.mx\/wp-content\/uploads\/2021\/01\/blog_ela.png\" \/>\n\t<meta property=\"og:image:width\" content=\"1562\" \/>\n\t<meta property=\"og:image:height\" content=\"700\" \/>\n\t<meta property=\"og:image:type\" content=\"image\/png\" \/>\n<meta name=\"author\" content=\"Manuel Gonz\u00e1lez\" \/>\n<meta name=\"twitter:card\" content=\"summary_large_image\" \/>\n<meta name=\"twitter:label1\" content=\"Escrito por\" \/>\n\t<meta name=\"twitter:data1\" content=\"Manuel Gonz\u00e1lez\" \/>\n\t<meta name=\"twitter:label2\" content=\"Tiempo de lectura\" \/>\n\t<meta name=\"twitter:data2\" content=\"4 minutos\" \/>\n<script type=\"application\/ld+json\" class=\"yoast-schema-graph\">{\"@context\":\"https:\/\/schema.org\",\"@graph\":[{\"@type\":\"Article\",\"@id\":\"https:\/\/lomasaltas.edu.mx\/term-three-2025-reflecting-on-the-journey-at-escuela-lomas-altas\/#article\",\"isPartOf\":{\"@id\":\"https:\/\/lomasaltas.edu.mx\/term-three-2025-reflecting-on-the-journey-at-escuela-lomas-altas\/\"},\"author\":{\"name\":\"Manuel Gonz\u00e1lez\",\"@id\":\"https:\/\/lomasaltas.edu.mx\/#\/schema\/person\/db9455d26a1c5b553b0df1be9ea06b9e\"},\"headline\":\"Term Three 2025: Reflecting on the Journey at Escuela Lomas Altas\",\"datePublished\":\"2025-08-24T05:19:51+00:00\",\"dateModified\":\"2025-08-26T05:22:15+00:00\",\"mainEntityOfPage\":{\"@id\":\"https:\/\/lomasaltas.edu.mx\/term-three-2025-reflecting-on-the-journey-at-escuela-lomas-altas\/\"},\"wordCount\":851,\"commentCount\":0,\"publisher\":{\"@id\":\"https:\/\/lomasaltas.edu.mx\/#organization\"},\"image\":{\"@id\":\"https:\/\/lomasaltas.edu.mx\/term-three-2025-reflecting-on-the-journey-at-escuela-lomas-altas\/#primaryimage\"},\"thumbnailUrl\":\"https:\/\/lomasaltas.edu.mx\/wp-content\/uploads\/2021\/01\/blog_ela.png\",\"articleSection\":[\"Uncategorized\"],\"inLanguage\":\"es\",\"potentialAction\":[{\"@type\":\"CommentAction\",\"name\":\"Comment\",\"target\":[\"https:\/\/lomasaltas.edu.mx\/term-three-2025-reflecting-on-the-journey-at-escuela-lomas-altas\/#respond\"]}]},{\"@type\":\"WebPage\",\"@id\":\"https:\/\/lomasaltas.edu.mx\/term-three-2025-reflecting-on-the-journey-at-escuela-lomas-altas\/\",\"url\":\"https:\/\/lomasaltas.edu.mx\/term-three-2025-reflecting-on-the-journey-at-escuela-lomas-altas\/\",\"name\":\"Term Three 2025: Reflecting on the Journey at Escuela Lomas Altas - Escuela Lomas Altas\",\"isPartOf\":{\"@id\":\"https:\/\/lomasaltas.edu.mx\/#website\"},\"primaryImageOfPage\":{\"@id\":\"https:\/\/lomasaltas.edu.mx\/term-three-2025-reflecting-on-the-journey-at-escuela-lomas-altas\/#primaryimage\"},\"image\":{\"@id\":\"https:\/\/lomasaltas.edu.mx\/term-three-2025-reflecting-on-the-journey-at-escuela-lomas-altas\/#primaryimage\"},\"thumbnailUrl\":\"https:\/\/lomasaltas.edu.mx\/wp-content\/uploads\/2021\/01\/blog_ela.png\",\"datePublished\":\"2025-08-24T05:19:51+00:00\",\"dateModified\":\"2025-08-26T05:22:15+00:00\",\"breadcrumb\":{\"@id\":\"https:\/\/lomasaltas.edu.mx\/term-three-2025-reflecting-on-the-journey-at-escuela-lomas-altas\/#breadcrumb\"},\"inLanguage\":\"es\",\"potentialAction\":[{\"@type\":\"ReadAction\",\"target\":[\"https:\/\/lomasaltas.edu.mx\/term-three-2025-reflecting-on-the-journey-at-escuela-lomas-altas\/\"]}]},{\"@type\":\"ImageObject\",\"inLanguage\":\"es\",\"@id\":\"https:\/\/lomasaltas.edu.mx\/term-three-2025-reflecting-on-the-journey-at-escuela-lomas-altas\/#primaryimage\",\"url\":\"https:\/\/lomasaltas.edu.mx\/wp-content\/uploads\/2021\/01\/blog_ela.png\",\"contentUrl\":\"https:\/\/lomasaltas.edu.mx\/wp-content\/uploads\/2021\/01\/blog_ela.png\",\"width\":1562,\"height\":700},{\"@type\":\"BreadcrumbList\",\"@id\":\"https:\/\/lomasaltas.edu.mx\/term-three-2025-reflecting-on-the-journey-at-escuela-lomas-altas\/#breadcrumb\",\"itemListElement\":[{\"@type\":\"ListItem\",\"position\":1,\"name\":\"Home\",\"item\":\"https:\/\/lomasaltas.edu.mx\/\"},{\"@type\":\"ListItem\",\"position\":2,\"name\":\"Term Three 2025: Reflecting on the Journey at Escuela Lomas Altas\"}]},{\"@type\":\"WebSite\",\"@id\":\"https:\/\/lomasaltas.edu.mx\/#website\",\"url\":\"https:\/\/lomasaltas.edu.mx\/\",\"name\":\"Escuela Lomas Altas\",\"description\":\"Love for learning\",\"publisher\":{\"@id\":\"https:\/\/lomasaltas.edu.mx\/#organization\"},\"potentialAction\":[{\"@type\":\"SearchAction\",\"target\":{\"@type\":\"EntryPoint\",\"urlTemplate\":\"https:\/\/lomasaltas.edu.mx\/?s={search_term_string}\"},\"query-input\":{\"@type\":\"PropertyValueSpecification\",\"valueRequired\":true,\"valueName\":\"search_term_string\"}}],\"inLanguage\":\"es\"},{\"@type\":\"Organization\",\"@id\":\"https:\/\/lomasaltas.edu.mx\/#organization\",\"name\":\"Escuela Lomas Altas\",\"url\":\"https:\/\/lomasaltas.edu.mx\/\",\"logo\":{\"@type\":\"ImageObject\",\"inLanguage\":\"es\",\"@id\":\"https:\/\/lomasaltas.edu.mx\/#\/schema\/logo\/image\/\",\"url\":\"https:\/\/lomasaltas.edu.mx\/wp-content\/uploads\/2020\/07\/logo_ela_5.png\",\"contentUrl\":\"https:\/\/lomasaltas.edu.mx\/wp-content\/uploads\/2020\/07\/logo_ela_5.png\",\"width\":1038,\"height\":348,\"caption\":\"Escuela Lomas Altas\"},\"image\":{\"@id\":\"https:\/\/lomasaltas.edu.mx\/#\/schema\/logo\/image\/\"}},{\"@type\":\"Person\",\"@id\":\"https:\/\/lomasaltas.edu.mx\/#\/schema\/person\/db9455d26a1c5b553b0df1be9ea06b9e\",\"name\":\"Manuel Gonz\u00e1lez\",\"image\":{\"@type\":\"ImageObject\",\"inLanguage\":\"es\",\"@id\":\"https:\/\/lomasaltas.edu.mx\/#\/schema\/person\/image\/\",\"url\":\"https:\/\/secure.gravatar.com\/avatar\/3c75af338bf346a59ef3547872a84cd0?s=96&d=mm&r=g\",\"contentUrl\":\"https:\/\/secure.gravatar.com\/avatar\/3c75af338bf346a59ef3547872a84cd0?s=96&d=mm&r=g\",\"caption\":\"Manuel Gonz\u00e1lez\"},\"url\":\"https:\/\/lomasaltas.edu.mx\/es\/author\/manuel_gonzalez\/\"}]}<\/script>\n<!-- \/ Yoast SEO plugin. -->","yoast_head_json":{"title":"Term Three 2025: Reflecting on the Journey at Escuela Lomas Altas - Escuela Lomas Altas","robots":{"index":"index","follow":"follow","max-snippet":"max-snippet:-1","max-image-preview":"max-image-preview:large","max-video-preview":"max-video-preview:-1"},"canonical":"https:\/\/lomasaltas.edu.mx\/es\/term-three-2025-reflecting-on-the-journey-at-escuela-lomas-altas\/","og_locale":"es_ES","og_type":"article","og_title":"Term Three 2025: Reflecting on the Journey at Escuela Lomas Altas - Escuela Lomas Altas","og_description":"As Term Three draws to a close, we find ourselves reflecting with deep gratitude and admiration upon the myriad achievements, expressions of creativity, and the steadfast community spirit that have defined yet another remarkable chapter at Escuela Lomas Altas. Every milestone reached and every joyful moment shared has illuminated the joy of learning and the [&hellip;]","og_url":"https:\/\/lomasaltas.edu.mx\/es\/term-three-2025-reflecting-on-the-journey-at-escuela-lomas-altas\/","og_site_name":"Escuela Lomas Altas","article_published_time":"2025-08-24T05:19:51+00:00","article_modified_time":"2025-08-26T05:22:15+00:00","og_image":[{"width":1562,"height":700,"url":"https:\/\/lomasaltas.edu.mx\/wp-content\/uploads\/2021\/01\/blog_ela.png","type":"image\/png"}],"author":"Manuel Gonz\u00e1lez","twitter_card":"summary_large_image","twitter_misc":{"Escrito por":"Manuel Gonz\u00e1lez","Tiempo de lectura":"4 minutos"},"schema":{"@context":"https:\/\/schema.org","@graph":[{"@type":"Article","@id":"https:\/\/lomasaltas.edu.mx\/term-three-2025-reflecting-on-the-journey-at-escuela-lomas-altas\/#article","isPartOf":{"@id":"https:\/\/lomasaltas.edu.mx\/term-three-2025-reflecting-on-the-journey-at-escuela-lomas-altas\/"},"author":{"name":"Manuel Gonz\u00e1lez","@id":"https:\/\/lomasaltas.edu.mx\/#\/schema\/person\/db9455d26a1c5b553b0df1be9ea06b9e"},"headline":"Term Three 2025: Reflecting on the Journey at Escuela Lomas Altas","datePublished":"2025-08-24T05:19:51+00:00","dateModified":"2025-08-26T05:22:15+00:00","mainEntityOfPage":{"@id":"https:\/\/lomasaltas.edu.mx\/term-three-2025-reflecting-on-the-journey-at-escuela-lomas-altas\/"},"wordCount":851,"commentCount":0,"publisher":{"@id":"https:\/\/lomasaltas.edu.mx\/#organization"},"image":{"@id":"https:\/\/lomasaltas.edu.mx\/term-three-2025-reflecting-on-the-journey-at-escuela-lomas-altas\/#primaryimage"},"thumbnailUrl":"https:\/\/lomasaltas.edu.mx\/wp-content\/uploads\/2021\/01\/blog_ela.png","articleSection":["Uncategorized"],"inLanguage":"es","potentialAction":[{"@type":"CommentAction","name":"Comment","target":["https:\/\/lomasaltas.edu.mx\/term-three-2025-reflecting-on-the-journey-at-escuela-lomas-altas\/#respond"]}]},{"@type":"WebPage","@id":"https:\/\/lomasaltas.edu.mx\/term-three-2025-reflecting-on-the-journey-at-escuela-lomas-altas\/","url":"https:\/\/lomasaltas.edu.mx\/term-three-2025-reflecting-on-the-journey-at-escuela-lomas-altas\/","name":"Term Three 2025: Reflecting on the Journey at Escuela Lomas Altas - Escuela Lomas Altas","isPartOf":{"@id":"https:\/\/lomasaltas.edu.mx\/#website"},"primaryImageOfPage":{"@id":"https:\/\/lomasaltas.edu.mx\/term-three-2025-reflecting-on-the-journey-at-escuela-lomas-altas\/#primaryimage"},"image":{"@id":"https:\/\/lomasaltas.edu.mx\/term-three-2025-reflecting-on-the-journey-at-escuela-lomas-altas\/#primaryimage"},"thumbnailUrl":"https:\/\/lomasaltas.edu.mx\/wp-content\/uploads\/2021\/01\/blog_ela.png","datePublished":"2025-08-24T05:19:51+00:00","dateModified":"2025-08-26T05:22:15+00:00","breadcrumb":{"@id":"https:\/\/lomasaltas.edu.mx\/term-three-2025-reflecting-on-the-journey-at-escuela-lomas-altas\/#breadcrumb"},"inLanguage":"es","potentialAction":[{"@type":"ReadAction","target":["https:\/\/lomasaltas.edu.mx\/term-three-2025-reflecting-on-the-journey-at-escuela-lomas-altas\/"]}]},{"@type":"ImageObject","inLanguage":"es","@id":"https:\/\/lomasaltas.edu.mx\/term-three-2025-reflecting-on-the-journey-at-escuela-lomas-altas\/#primaryimage","url":"https:\/\/lomasaltas.edu.mx\/wp-content\/uploads\/2021\/01\/blog_ela.png","contentUrl":"https:\/\/lomasaltas.edu.mx\/wp-content\/uploads\/2021\/01\/blog_ela.png","width":1562,"height":700},{"@type":"BreadcrumbList","@id":"https:\/\/lomasaltas.edu.mx\/term-three-2025-reflecting-on-the-journey-at-escuela-lomas-altas\/#breadcrumb","itemListElement":[{"@type":"ListItem","position":1,"name":"Home","item":"https:\/\/lomasaltas.edu.mx\/"},{"@type":"ListItem","position":2,"name":"Term Three 2025: Reflecting on the Journey at Escuela Lomas Altas"}]},{"@type":"WebSite","@id":"https:\/\/lomasaltas.edu.mx\/#website","url":"https:\/\/lomasaltas.edu.mx\/","name":"Escuela Lomas Altas","description":"Love for learning","publisher":{"@id":"https:\/\/lomasaltas.edu.mx\/#organization"},"potentialAction":[{"@type":"SearchAction","target":{"@type":"EntryPoint","urlTemplate":"https:\/\/lomasaltas.edu.mx\/?s={search_term_string}"},"query-input":{"@type":"PropertyValueSpecification","valueRequired":true,"valueName":"search_term_string"}}],"inLanguage":"es"},{"@type":"Organization","@id":"https:\/\/lomasaltas.edu.mx\/#organization","name":"Escuela Lomas Altas","url":"https:\/\/lomasaltas.edu.mx\/","logo":{"@type":"ImageObject","inLanguage":"es","@id":"https:\/\/lomasaltas.edu.mx\/#\/schema\/logo\/image\/","url":"https:\/\/lomasaltas.edu.mx\/wp-content\/uploads\/2020\/07\/logo_ela_5.png","contentUrl":"https:\/\/lomasaltas.edu.mx\/wp-content\/uploads\/2020\/07\/logo_ela_5.png","width":1038,"height":348,"caption":"Escuela Lomas Altas"},"image":{"@id":"https:\/\/lomasaltas.edu.mx\/#\/schema\/logo\/image\/"}},{"@type":"Person","@id":"https:\/\/lomasaltas.edu.mx\/#\/schema\/person\/db9455d26a1c5b553b0df1be9ea06b9e","name":"Manuel Gonz\u00e1lez","image":{"@type":"ImageObject","inLanguage":"es","@id":"https:\/\/lomasaltas.edu.mx\/#\/schema\/person\/image\/","url":"https:\/\/secure.gravatar.com\/avatar\/3c75af338bf346a59ef3547872a84cd0?s=96&d=mm&r=g","contentUrl":"https:\/\/secure.gravatar.com\/avatar\/3c75af338bf346a59ef3547872a84cd0?s=96&d=mm&r=g","caption":"Manuel Gonz\u00e1lez"},"url":"https:\/\/lomasaltas.edu.mx\/es\/author\/manuel_gonzalez\/"}]}},"_links":{"self":[{"href":"https:\/\/lomasaltas.edu.mx\/es\/wp-json\/wp\/v2\/posts\/46749","targetHints":{"allow":["GET"]}}],"collection":[{"href":"https:\/\/lomasaltas.edu.mx\/es\/wp-json\/wp\/v2\/posts"}],"about":[{"href":"https:\/\/lomasaltas.edu.mx\/es\/wp-json\/wp\/v2\/types\/post"}],"author":[{"embeddable":true,"href":"https:\/\/lomasaltas.edu.mx\/es\/wp-json\/wp\/v2\/users\/3"}],"replies":[{"embeddable":true,"href":"https:\/\/lomasaltas.edu.mx\/es\/wp-json\/wp\/v2\/comments?post=46749"}],"version-history":[{"count":1,"href":"https:\/\/lomasaltas.edu.mx\/es\/wp-json\/wp\/v2\/posts\/46749\/revisions"}],"predecessor-version":[{"id":46750,"href":"https:\/\/lomasaltas.edu.mx\/es\/wp-json\/wp\/v2\/posts\/46749\/revisions\/46750"}],"wp:featuredmedia":[{"embeddable":true,"href":"https:\/\/lomasaltas.edu.mx\/es\/wp-json\/wp\/v2\/media\/530"}],"wp:attachment":[{"href":"https:\/\/lomasaltas.edu.mx\/es\/wp-json\/wp\/v2\/media?parent=46749"}],"wp:term":[{"taxonomy":"category","embeddable":true,"href":"https:\/\/lomasaltas.edu.mx\/es\/wp-json\/wp\/v2\/categories?post=46749"},{"taxonomy":"post_tag","embeddable":true,"href":"https:\/\/lomasaltas.edu.mx\/es\/wp-json\/wp\/v2\/tags?post=46749"}],"curies":[{"name":"wp","href":"https:\/\/api.w.org\/{rel}","templated":true}]}}