{"id":697,"date":"2021-06-22T13:47:00","date_gmt":"2021-06-22T18:47:00","guid":{"rendered":"https:\/\/lomasaltas.edu.mx\/?p=697"},"modified":"2021-06-23T11:23:27","modified_gmt":"2021-06-23T16:23:27","slug":"a-reflection-on-elas-2021-pyp-exhibition-from-mr-humberto-our-pyp-coordinator","status":"publish","type":"post","link":"https:\/\/lomasaltas.edu.mx\/es\/a-reflection-on-elas-2021-pyp-exhibition-from-mr-humberto-our-pyp-coordinator\/","title":{"rendered":"Una reflecci\u00f3n sobre la Exposici\u00f3n PYP de parte de Mr. Humberto, Coordinador del PYP"},"content":{"rendered":"<p>En la Exposici\u00f3n PEP, los alumnos demuestran su comprensi\u00f3n de una cuesti\u00f3n u oportunidad que han seleccionado para explorar. Realizan indagaciones tanto de forma individual como con sus compa\u00f1eros. Mediante la exposici\u00f3n, los alumnos demuestran su capacidad de asumir la responsabilidad de su propio aprendizaje \u2014y su capacidad de emprender acciones\u2014, ya que participan activamente en la planificaci\u00f3n, presentaci\u00f3n y evaluaci\u00f3n del aprendizaje.&nbsp;<\/p>\n\n\n\n<p>La exposici\u00f3n es una demostraci\u00f3n muy eficaz de la agencia de los alumnos. La comunidad de aprendizaje participa en la exposici\u00f3n brindando apoyo y celebrando el desarrollo de alumnos con mentalidad internacional.&nbsp;<\/p>\n\n\n\n<p>En este ciclo escolar, presentamos la Exposici\u00f3n PEP con la Unidad \"Art &amp; Expression\" bajo el tema transiciplinario \"C\u00f3mo nos expresamos\", teniendo como finalidad la comprensi\u00f3n de la Idea Central: Artistic creations are a means through which human beings satisfy their need for expression, communication, and transcendence\"<\/p>\n\n\n\n<p>Los alumnos hicieron sus propias galer\u00edas de arte, tanto presencial como virtual, exhibiendo sus creaciones art\u00edsticas individuales y colectivas, despu\u00e9s de haber hecho una indagaci\u00f3n profunda sobre las diferentes artes y formas de expresi\u00f3n, as\u00ed como la importancia de la trascendencia en el ser humano.<\/p>\n\n\n\n<p>Podr\u00e1n realizar un recorrido a trav\u00e9s de la galer\u00eda virtual, donde podr\u00e1n encontrar cuatro diferentes galer\u00edas, cada una con su propia misi\u00f3n e ideolog\u00eda en cuanto a sus creaciones art\u00edsticas. Adem\u00e1s podr\u00e1n encontrar informaci\u00f3n de los diferentes invitados especiales, quienes aportaron su conocimiento y experiencia, en diferentes presentaciones para los alumnos, como apoyo a la indagaci\u00f3n de la unidad.<\/p>\n\n\n\n<p>Galer\u00eda virtual:&nbsp;<a href=\"http:\/\/eqrcode.co\/a\/byafOW\" target=\"_blank\" rel=\"noreferrer noopener\">eqrcode.co\/a\/byafOW<\/a><\/p>","protected":false},"excerpt":{"rendered":"<p>During the PYP exhibition, students demonstrate their ability to inquire about and comprehend a topic they have chosen to explore. They carry out different investigations, both individually and in groups. Through the PYP Exhibition, students demonstrate their ability to take responsibility for their own learning, and their skills in evaluating and presenting information. They take [&hellip;]<\/p>","protected":false},"author":3,"featured_media":530,"comment_status":"open","ping_status":"open","sticky":false,"template":"","format":"standard","meta":{"footnotes":""},"categories":[16],"tags":[],"class_list":["post-697","post","type-post","status-publish","format-standard","has-post-thumbnail","hentry","category-celebrations"],"yoast_head":"<!-- This site is optimized with the Yoast SEO plugin v26.8 - https:\/\/yoast.com\/product\/yoast-seo-wordpress\/ -->\n<title>A Reflection on ELA&#039;s 2021 PYP Exhibition from Mr Humberto, our PYP Coordinator - Escuela Lomas Altas<\/title>\n<meta name=\"robots\" content=\"index, follow, max-snippet:-1, max-image-preview:large, max-video-preview:-1\" \/>\n<link rel=\"canonical\" href=\"https:\/\/lomasaltas.edu.mx\/es\/a-reflection-on-elas-2021-pyp-exhibition-from-mr-humberto-our-pyp-coordinator\/\" \/>\n<meta property=\"og:locale\" content=\"es_ES\" \/>\n<meta property=\"og:type\" content=\"article\" \/>\n<meta property=\"og:title\" content=\"A Reflection on ELA&#039;s 2021 PYP Exhibition from Mr Humberto, our PYP Coordinator - Escuela Lomas Altas\" \/>\n<meta property=\"og:description\" content=\"During the PYP exhibition, students demonstrate their ability to inquire about and comprehend a topic they have chosen to explore. They carry out different investigations, both individually and in groups. Through the PYP Exhibition, students demonstrate their ability to take responsibility for their own learning, and their skills in evaluating and presenting information. They take [&hellip;]\" \/>\n<meta property=\"og:url\" content=\"https:\/\/lomasaltas.edu.mx\/es\/a-reflection-on-elas-2021-pyp-exhibition-from-mr-humberto-our-pyp-coordinator\/\" \/>\n<meta property=\"og:site_name\" content=\"Escuela Lomas Altas\" \/>\n<meta property=\"article:published_time\" content=\"2021-06-22T18:47:00+00:00\" \/>\n<meta property=\"article:modified_time\" content=\"2021-06-23T16:23:27+00:00\" \/>\n<meta property=\"og:image\" content=\"https:\/\/lomasaltas.edu.mx\/wp-content\/uploads\/2021\/01\/blog_ela.png\" \/>\n\t<meta property=\"og:image:width\" content=\"1562\" \/>\n\t<meta property=\"og:image:height\" content=\"700\" \/>\n\t<meta property=\"og:image:type\" content=\"image\/png\" \/>\n<meta name=\"author\" content=\"Manuel Gonz\u00e1lez\" \/>\n<meta name=\"twitter:card\" content=\"summary_large_image\" \/>\n<meta name=\"twitter:label1\" content=\"Escrito por\" \/>\n\t<meta name=\"twitter:data1\" content=\"Manuel Gonz\u00e1lez\" \/>\n\t<meta name=\"twitter:label2\" content=\"Tiempo de lectura\" \/>\n\t<meta name=\"twitter:data2\" content=\"2 minutos\" \/>\n<script type=\"application\/ld+json\" class=\"yoast-schema-graph\">{\"@context\":\"https:\/\/schema.org\",\"@graph\":[{\"@type\":\"Article\",\"@id\":\"https:\/\/lomasaltas.edu.mx\/a-reflection-on-elas-2021-pyp-exhibition-from-mr-humberto-our-pyp-coordinator\/#article\",\"isPartOf\":{\"@id\":\"https:\/\/lomasaltas.edu.mx\/a-reflection-on-elas-2021-pyp-exhibition-from-mr-humberto-our-pyp-coordinator\/\"},\"author\":{\"name\":\"Manuel Gonz\u00e1lez\",\"@id\":\"https:\/\/lomasaltas.edu.mx\/#\/schema\/person\/db9455d26a1c5b553b0df1be9ea06b9e\"},\"headline\":\"A Reflection on ELA&#8217;s 2021 PYP Exhibition from Mr Humberto, our PYP Coordinator\",\"datePublished\":\"2021-06-22T18:47:00+00:00\",\"dateModified\":\"2021-06-23T16:23:27+00:00\",\"mainEntityOfPage\":{\"@id\":\"https:\/\/lomasaltas.edu.mx\/a-reflection-on-elas-2021-pyp-exhibition-from-mr-humberto-our-pyp-coordinator\/\"},\"wordCount\":257,\"commentCount\":0,\"publisher\":{\"@id\":\"https:\/\/lomasaltas.edu.mx\/#organization\"},\"image\":{\"@id\":\"https:\/\/lomasaltas.edu.mx\/a-reflection-on-elas-2021-pyp-exhibition-from-mr-humberto-our-pyp-coordinator\/#primaryimage\"},\"thumbnailUrl\":\"https:\/\/lomasaltas.edu.mx\/wp-content\/uploads\/2021\/01\/blog_ela.png\",\"articleSection\":[\"Celebrations\"],\"inLanguage\":\"es\",\"potentialAction\":[{\"@type\":\"CommentAction\",\"name\":\"Comment\",\"target\":[\"https:\/\/lomasaltas.edu.mx\/a-reflection-on-elas-2021-pyp-exhibition-from-mr-humberto-our-pyp-coordinator\/#respond\"]}]},{\"@type\":\"WebPage\",\"@id\":\"https:\/\/lomasaltas.edu.mx\/a-reflection-on-elas-2021-pyp-exhibition-from-mr-humberto-our-pyp-coordinator\/\",\"url\":\"https:\/\/lomasaltas.edu.mx\/a-reflection-on-elas-2021-pyp-exhibition-from-mr-humberto-our-pyp-coordinator\/\",\"name\":\"A Reflection on ELA's 2021 PYP Exhibition from Mr Humberto, our PYP Coordinator - Escuela Lomas Altas\",\"isPartOf\":{\"@id\":\"https:\/\/lomasaltas.edu.mx\/#website\"},\"primaryImageOfPage\":{\"@id\":\"https:\/\/lomasaltas.edu.mx\/a-reflection-on-elas-2021-pyp-exhibition-from-mr-humberto-our-pyp-coordinator\/#primaryimage\"},\"image\":{\"@id\":\"https:\/\/lomasaltas.edu.mx\/a-reflection-on-elas-2021-pyp-exhibition-from-mr-humberto-our-pyp-coordinator\/#primaryimage\"},\"thumbnailUrl\":\"https:\/\/lomasaltas.edu.mx\/wp-content\/uploads\/2021\/01\/blog_ela.png\",\"datePublished\":\"2021-06-22T18:47:00+00:00\",\"dateModified\":\"2021-06-23T16:23:27+00:00\",\"breadcrumb\":{\"@id\":\"https:\/\/lomasaltas.edu.mx\/a-reflection-on-elas-2021-pyp-exhibition-from-mr-humberto-our-pyp-coordinator\/#breadcrumb\"},\"inLanguage\":\"es\",\"potentialAction\":[{\"@type\":\"ReadAction\",\"target\":[\"https:\/\/lomasaltas.edu.mx\/a-reflection-on-elas-2021-pyp-exhibition-from-mr-humberto-our-pyp-coordinator\/\"]}]},{\"@type\":\"ImageObject\",\"inLanguage\":\"es\",\"@id\":\"https:\/\/lomasaltas.edu.mx\/a-reflection-on-elas-2021-pyp-exhibition-from-mr-humberto-our-pyp-coordinator\/#primaryimage\",\"url\":\"https:\/\/lomasaltas.edu.mx\/wp-content\/uploads\/2021\/01\/blog_ela.png\",\"contentUrl\":\"https:\/\/lomasaltas.edu.mx\/wp-content\/uploads\/2021\/01\/blog_ela.png\",\"width\":1562,\"height\":700},{\"@type\":\"BreadcrumbList\",\"@id\":\"https:\/\/lomasaltas.edu.mx\/a-reflection-on-elas-2021-pyp-exhibition-from-mr-humberto-our-pyp-coordinator\/#breadcrumb\",\"itemListElement\":[{\"@type\":\"ListItem\",\"position\":1,\"name\":\"Home\",\"item\":\"https:\/\/lomasaltas.edu.mx\/\"},{\"@type\":\"ListItem\",\"position\":2,\"name\":\"A Reflection on ELA&#8217;s 2021 PYP Exhibition from Mr Humberto, our PYP Coordinator\"}]},{\"@type\":\"WebSite\",\"@id\":\"https:\/\/lomasaltas.edu.mx\/#website\",\"url\":\"https:\/\/lomasaltas.edu.mx\/\",\"name\":\"Escuela Lomas Altas\",\"description\":\"Love for learning\",\"publisher\":{\"@id\":\"https:\/\/lomasaltas.edu.mx\/#organization\"},\"potentialAction\":[{\"@type\":\"SearchAction\",\"target\":{\"@type\":\"EntryPoint\",\"urlTemplate\":\"https:\/\/lomasaltas.edu.mx\/?s={search_term_string}\"},\"query-input\":{\"@type\":\"PropertyValueSpecification\",\"valueRequired\":true,\"valueName\":\"search_term_string\"}}],\"inLanguage\":\"es\"},{\"@type\":\"Organization\",\"@id\":\"https:\/\/lomasaltas.edu.mx\/#organization\",\"name\":\"Escuela Lomas Altas\",\"url\":\"https:\/\/lomasaltas.edu.mx\/\",\"logo\":{\"@type\":\"ImageObject\",\"inLanguage\":\"es\",\"@id\":\"https:\/\/lomasaltas.edu.mx\/#\/schema\/logo\/image\/\",\"url\":\"https:\/\/lomasaltas.edu.mx\/wp-content\/uploads\/2020\/07\/logo_ela_5.png\",\"contentUrl\":\"https:\/\/lomasaltas.edu.mx\/wp-content\/uploads\/2020\/07\/logo_ela_5.png\",\"width\":1038,\"height\":348,\"caption\":\"Escuela Lomas Altas\"},\"image\":{\"@id\":\"https:\/\/lomasaltas.edu.mx\/#\/schema\/logo\/image\/\"}},{\"@type\":\"Person\",\"@id\":\"https:\/\/lomasaltas.edu.mx\/#\/schema\/person\/db9455d26a1c5b553b0df1be9ea06b9e\",\"name\":\"Manuel Gonz\u00e1lez\",\"image\":{\"@type\":\"ImageObject\",\"inLanguage\":\"es\",\"@id\":\"https:\/\/lomasaltas.edu.mx\/#\/schema\/person\/image\/\",\"url\":\"https:\/\/secure.gravatar.com\/avatar\/3c75af338bf346a59ef3547872a84cd0?s=96&d=mm&r=g\",\"contentUrl\":\"https:\/\/secure.gravatar.com\/avatar\/3c75af338bf346a59ef3547872a84cd0?s=96&d=mm&r=g\",\"caption\":\"Manuel Gonz\u00e1lez\"},\"url\":\"https:\/\/lomasaltas.edu.mx\/es\/author\/manuel_gonzalez\/\"}]}<\/script>\n<!-- \/ Yoast SEO plugin. -->","yoast_head_json":{"title":"A Reflection on ELA's 2021 PYP Exhibition from Mr Humberto, our PYP Coordinator - Escuela Lomas Altas","robots":{"index":"index","follow":"follow","max-snippet":"max-snippet:-1","max-image-preview":"max-image-preview:large","max-video-preview":"max-video-preview:-1"},"canonical":"https:\/\/lomasaltas.edu.mx\/es\/a-reflection-on-elas-2021-pyp-exhibition-from-mr-humberto-our-pyp-coordinator\/","og_locale":"es_ES","og_type":"article","og_title":"A Reflection on ELA's 2021 PYP Exhibition from Mr Humberto, our PYP Coordinator - Escuela Lomas Altas","og_description":"During the PYP exhibition, students demonstrate their ability to inquire about and comprehend a topic they have chosen to explore. They carry out different investigations, both individually and in groups. Through the PYP Exhibition, students demonstrate their ability to take responsibility for their own learning, and their skills in evaluating and presenting information. They take [&hellip;]","og_url":"https:\/\/lomasaltas.edu.mx\/es\/a-reflection-on-elas-2021-pyp-exhibition-from-mr-humberto-our-pyp-coordinator\/","og_site_name":"Escuela Lomas Altas","article_published_time":"2021-06-22T18:47:00+00:00","article_modified_time":"2021-06-23T16:23:27+00:00","og_image":[{"width":1562,"height":700,"url":"https:\/\/lomasaltas.edu.mx\/wp-content\/uploads\/2021\/01\/blog_ela.png","type":"image\/png"}],"author":"Manuel Gonz\u00e1lez","twitter_card":"summary_large_image","twitter_misc":{"Escrito por":"Manuel Gonz\u00e1lez","Tiempo de lectura":"2 minutos"},"schema":{"@context":"https:\/\/schema.org","@graph":[{"@type":"Article","@id":"https:\/\/lomasaltas.edu.mx\/a-reflection-on-elas-2021-pyp-exhibition-from-mr-humberto-our-pyp-coordinator\/#article","isPartOf":{"@id":"https:\/\/lomasaltas.edu.mx\/a-reflection-on-elas-2021-pyp-exhibition-from-mr-humberto-our-pyp-coordinator\/"},"author":{"name":"Manuel Gonz\u00e1lez","@id":"https:\/\/lomasaltas.edu.mx\/#\/schema\/person\/db9455d26a1c5b553b0df1be9ea06b9e"},"headline":"A Reflection on ELA&#8217;s 2021 PYP Exhibition from Mr Humberto, our PYP Coordinator","datePublished":"2021-06-22T18:47:00+00:00","dateModified":"2021-06-23T16:23:27+00:00","mainEntityOfPage":{"@id":"https:\/\/lomasaltas.edu.mx\/a-reflection-on-elas-2021-pyp-exhibition-from-mr-humberto-our-pyp-coordinator\/"},"wordCount":257,"commentCount":0,"publisher":{"@id":"https:\/\/lomasaltas.edu.mx\/#organization"},"image":{"@id":"https:\/\/lomasaltas.edu.mx\/a-reflection-on-elas-2021-pyp-exhibition-from-mr-humberto-our-pyp-coordinator\/#primaryimage"},"thumbnailUrl":"https:\/\/lomasaltas.edu.mx\/wp-content\/uploads\/2021\/01\/blog_ela.png","articleSection":["Celebrations"],"inLanguage":"es","potentialAction":[{"@type":"CommentAction","name":"Comment","target":["https:\/\/lomasaltas.edu.mx\/a-reflection-on-elas-2021-pyp-exhibition-from-mr-humberto-our-pyp-coordinator\/#respond"]}]},{"@type":"WebPage","@id":"https:\/\/lomasaltas.edu.mx\/a-reflection-on-elas-2021-pyp-exhibition-from-mr-humberto-our-pyp-coordinator\/","url":"https:\/\/lomasaltas.edu.mx\/a-reflection-on-elas-2021-pyp-exhibition-from-mr-humberto-our-pyp-coordinator\/","name":"A Reflection on ELA's 2021 PYP Exhibition from Mr Humberto, our PYP Coordinator - Escuela Lomas Altas","isPartOf":{"@id":"https:\/\/lomasaltas.edu.mx\/#website"},"primaryImageOfPage":{"@id":"https:\/\/lomasaltas.edu.mx\/a-reflection-on-elas-2021-pyp-exhibition-from-mr-humberto-our-pyp-coordinator\/#primaryimage"},"image":{"@id":"https:\/\/lomasaltas.edu.mx\/a-reflection-on-elas-2021-pyp-exhibition-from-mr-humberto-our-pyp-coordinator\/#primaryimage"},"thumbnailUrl":"https:\/\/lomasaltas.edu.mx\/wp-content\/uploads\/2021\/01\/blog_ela.png","datePublished":"2021-06-22T18:47:00+00:00","dateModified":"2021-06-23T16:23:27+00:00","breadcrumb":{"@id":"https:\/\/lomasaltas.edu.mx\/a-reflection-on-elas-2021-pyp-exhibition-from-mr-humberto-our-pyp-coordinator\/#breadcrumb"},"inLanguage":"es","potentialAction":[{"@type":"ReadAction","target":["https:\/\/lomasaltas.edu.mx\/a-reflection-on-elas-2021-pyp-exhibition-from-mr-humberto-our-pyp-coordinator\/"]}]},{"@type":"ImageObject","inLanguage":"es","@id":"https:\/\/lomasaltas.edu.mx\/a-reflection-on-elas-2021-pyp-exhibition-from-mr-humberto-our-pyp-coordinator\/#primaryimage","url":"https:\/\/lomasaltas.edu.mx\/wp-content\/uploads\/2021\/01\/blog_ela.png","contentUrl":"https:\/\/lomasaltas.edu.mx\/wp-content\/uploads\/2021\/01\/blog_ela.png","width":1562,"height":700},{"@type":"BreadcrumbList","@id":"https:\/\/lomasaltas.edu.mx\/a-reflection-on-elas-2021-pyp-exhibition-from-mr-humberto-our-pyp-coordinator\/#breadcrumb","itemListElement":[{"@type":"ListItem","position":1,"name":"Home","item":"https:\/\/lomasaltas.edu.mx\/"},{"@type":"ListItem","position":2,"name":"A Reflection on ELA&#8217;s 2021 PYP Exhibition from Mr Humberto, our PYP Coordinator"}]},{"@type":"WebSite","@id":"https:\/\/lomasaltas.edu.mx\/#website","url":"https:\/\/lomasaltas.edu.mx\/","name":"Escuela Lomas Altas","description":"Love for learning","publisher":{"@id":"https:\/\/lomasaltas.edu.mx\/#organization"},"potentialAction":[{"@type":"SearchAction","target":{"@type":"EntryPoint","urlTemplate":"https:\/\/lomasaltas.edu.mx\/?s={search_term_string}"},"query-input":{"@type":"PropertyValueSpecification","valueRequired":true,"valueName":"search_term_string"}}],"inLanguage":"es"},{"@type":"Organization","@id":"https:\/\/lomasaltas.edu.mx\/#organization","name":"Escuela Lomas Altas","url":"https:\/\/lomasaltas.edu.mx\/","logo":{"@type":"ImageObject","inLanguage":"es","@id":"https:\/\/lomasaltas.edu.mx\/#\/schema\/logo\/image\/","url":"https:\/\/lomasaltas.edu.mx\/wp-content\/uploads\/2020\/07\/logo_ela_5.png","contentUrl":"https:\/\/lomasaltas.edu.mx\/wp-content\/uploads\/2020\/07\/logo_ela_5.png","width":1038,"height":348,"caption":"Escuela Lomas Altas"},"image":{"@id":"https:\/\/lomasaltas.edu.mx\/#\/schema\/logo\/image\/"}},{"@type":"Person","@id":"https:\/\/lomasaltas.edu.mx\/#\/schema\/person\/db9455d26a1c5b553b0df1be9ea06b9e","name":"Manuel Gonz\u00e1lez","image":{"@type":"ImageObject","inLanguage":"es","@id":"https:\/\/lomasaltas.edu.mx\/#\/schema\/person\/image\/","url":"https:\/\/secure.gravatar.com\/avatar\/3c75af338bf346a59ef3547872a84cd0?s=96&d=mm&r=g","contentUrl":"https:\/\/secure.gravatar.com\/avatar\/3c75af338bf346a59ef3547872a84cd0?s=96&d=mm&r=g","caption":"Manuel Gonz\u00e1lez"},"url":"https:\/\/lomasaltas.edu.mx\/es\/author\/manuel_gonzalez\/"}]}},"_links":{"self":[{"href":"https:\/\/lomasaltas.edu.mx\/es\/wp-json\/wp\/v2\/posts\/697","targetHints":{"allow":["GET"]}}],"collection":[{"href":"https:\/\/lomasaltas.edu.mx\/es\/wp-json\/wp\/v2\/posts"}],"about":[{"href":"https:\/\/lomasaltas.edu.mx\/es\/wp-json\/wp\/v2\/types\/post"}],"author":[{"embeddable":true,"href":"https:\/\/lomasaltas.edu.mx\/es\/wp-json\/wp\/v2\/users\/3"}],"replies":[{"embeddable":true,"href":"https:\/\/lomasaltas.edu.mx\/es\/wp-json\/wp\/v2\/comments?post=697"}],"version-history":[{"count":2,"href":"https:\/\/lomasaltas.edu.mx\/es\/wp-json\/wp\/v2\/posts\/697\/revisions"}],"predecessor-version":[{"id":699,"href":"https:\/\/lomasaltas.edu.mx\/es\/wp-json\/wp\/v2\/posts\/697\/revisions\/699"}],"wp:featuredmedia":[{"embeddable":true,"href":"https:\/\/lomasaltas.edu.mx\/es\/wp-json\/wp\/v2\/media\/530"}],"wp:attachment":[{"href":"https:\/\/lomasaltas.edu.mx\/es\/wp-json\/wp\/v2\/media?parent=697"}],"wp:term":[{"taxonomy":"category","embeddable":true,"href":"https:\/\/lomasaltas.edu.mx\/es\/wp-json\/wp\/v2\/categories?post=697"},{"taxonomy":"post_tag","embeddable":true,"href":"https:\/\/lomasaltas.edu.mx\/es\/wp-json\/wp\/v2\/tags?post=697"}],"curies":[{"name":"wp","href":"https:\/\/api.w.org\/{rel}","templated":true}]}}