{"id":828,"date":"2022-02-24T12:49:00","date_gmt":"2022-02-24T18:49:00","guid":{"rendered":"https:\/\/lomasaltas.edu.mx\/?p=828"},"modified":"2022-03-01T16:14:25","modified_gmt":"2022-03-01T22:14:25","slug":"ela-celebrates-world-mother-language-day","status":"publish","type":"post","link":"https:\/\/lomasaltas.edu.mx\/es\/ela-celebrates-world-mother-language-day\/","title":{"rendered":"ELA celebra el D\u00eda Mundial de la Lengua Materna"},"content":{"rendered":"<p>Esta semana, la comunidad Lomas Altas celebr\u00f3 el D\u00eda Mundial de la Lengua Materna, una celebraci\u00f3n anual mundial que promueve la conciencia de la diversidad ling\u00fc\u00edstica y cultural, dos pilares clave de la misi\u00f3n de ELA.<br>Este a\u00f1o, nuestro bibliotecario, el Prof. Garreth, organiz\u00f3 un d\u00eda de lectura del cuento de Jack y las habichuelas m\u00e1gicas en m\u00e1s de siete idiomas, desde portugu\u00e9s y japon\u00e9s hasta filipino y polaco. Cada idioma pertenece a un miembro diferente de la comunidad ELA incre\u00edblemente diversa. Fue fascinante escuchar los matices culturales en la dicci\u00f3n y el \u00e9nfasis que existen m\u00e1s all\u00e1 de las fronteras.<br>A continuaci\u00f3n encontrar\u00e1 un breve video del evento.&nbsp;<\/p>\n\n\n\n<div class=\"wp-block-columns is-layout-flex wp-container-core-columns-is-layout-1 wp-block-columns-is-layout-flex\">\n<div class=\"wp-block-column is-layout-flow wp-block-column-is-layout-flow\" style=\"flex-basis:100%\">\n<div class=\"wp-block-group alignwide\"><div class=\"wp-block-group__inner-container is-layout-flow wp-block-group-is-layout-flow\">\n<figure class=\"wp-block-video\"><video controls src=\"https:\/\/lomasaltas.edu.mx\/wp-content\/uploads\/2022\/02\/introela.mp4\"><\/video><\/figure>\n<\/div><\/div>\n<\/div>\n<\/div>","protected":false},"excerpt":{"rendered":"<p>This week, the ELA community celebrated World Mother Language Day,&nbsp;a worldwide annual observance that promotes awareness of linguistic and cultural diversity and to promote multiculturalism, two key cornerstones of ELA&#8217;s mission.This year, Escuela Lomas Altas librarian, Prof. Garreth, organised a day of reading the Jack and the Beanstalk story in over seven languages, from Portuguese [&hellip;]<\/p>","protected":false},"author":3,"featured_media":530,"comment_status":"open","ping_status":"open","sticky":false,"template":"","format":"standard","meta":{"footnotes":""},"categories":[1],"tags":[],"class_list":["post-828","post","type-post","status-publish","format-standard","has-post-thumbnail","hentry","category-uncategorized"],"yoast_head":"<!-- This site is optimized with the Yoast SEO plugin v26.8 - https:\/\/yoast.com\/product\/yoast-seo-wordpress\/ -->\n<title>ELA Celebrates World Mother Language Day - Escuela Lomas Altas<\/title>\n<meta name=\"robots\" content=\"index, follow, max-snippet:-1, max-image-preview:large, max-video-preview:-1\" \/>\n<link rel=\"canonical\" href=\"https:\/\/lomasaltas.edu.mx\/es\/ela-celebrates-world-mother-language-day\/\" \/>\n<meta property=\"og:locale\" content=\"es_ES\" \/>\n<meta property=\"og:type\" content=\"article\" \/>\n<meta property=\"og:title\" content=\"ELA Celebrates World Mother Language Day - Escuela Lomas Altas\" \/>\n<meta property=\"og:description\" content=\"This week, the ELA community celebrated World Mother Language Day,&nbsp;a worldwide annual observance that promotes awareness of linguistic and cultural diversity and to promote multiculturalism, two key cornerstones of ELA&#8217;s mission.This year, Escuela Lomas Altas librarian, Prof. Garreth, organised a day of reading the Jack and the Beanstalk story in over seven languages, from Portuguese [&hellip;]\" \/>\n<meta property=\"og:url\" content=\"https:\/\/lomasaltas.edu.mx\/es\/ela-celebrates-world-mother-language-day\/\" \/>\n<meta property=\"og:site_name\" content=\"Escuela Lomas Altas\" \/>\n<meta property=\"article:published_time\" content=\"2022-02-24T18:49:00+00:00\" \/>\n<meta property=\"article:modified_time\" content=\"2022-03-01T22:14:25+00:00\" \/>\n<meta property=\"og:image\" content=\"https:\/\/lomasaltas.edu.mx\/wp-content\/uploads\/2021\/01\/blog_ela.png\" \/>\n\t<meta property=\"og:image:width\" content=\"1562\" \/>\n\t<meta property=\"og:image:height\" content=\"700\" \/>\n\t<meta property=\"og:image:type\" content=\"image\/png\" \/>\n<meta name=\"author\" content=\"Manuel Gonz\u00e1lez\" \/>\n<meta name=\"twitter:card\" content=\"summary_large_image\" \/>\n<meta name=\"twitter:label1\" content=\"Escrito por\" \/>\n\t<meta name=\"twitter:data1\" content=\"Manuel Gonz\u00e1lez\" \/>\n\t<meta name=\"twitter:label2\" content=\"Tiempo de lectura\" \/>\n\t<meta name=\"twitter:data2\" content=\"1 minuto\" \/>\n<script type=\"application\/ld+json\" class=\"yoast-schema-graph\">{\"@context\":\"https:\/\/schema.org\",\"@graph\":[{\"@type\":\"Article\",\"@id\":\"https:\/\/lomasaltas.edu.mx\/ela-celebrates-world-mother-language-day\/#article\",\"isPartOf\":{\"@id\":\"https:\/\/lomasaltas.edu.mx\/ela-celebrates-world-mother-language-day\/\"},\"author\":{\"name\":\"Manuel Gonz\u00e1lez\",\"@id\":\"https:\/\/lomasaltas.edu.mx\/#\/schema\/person\/db9455d26a1c5b553b0df1be9ea06b9e\"},\"headline\":\"ELA Celebrates World Mother Language Day\",\"datePublished\":\"2022-02-24T18:49:00+00:00\",\"dateModified\":\"2022-03-01T22:14:25+00:00\",\"mainEntityOfPage\":{\"@id\":\"https:\/\/lomasaltas.edu.mx\/ela-celebrates-world-mother-language-day\/\"},\"wordCount\":111,\"commentCount\":0,\"publisher\":{\"@id\":\"https:\/\/lomasaltas.edu.mx\/#organization\"},\"image\":{\"@id\":\"https:\/\/lomasaltas.edu.mx\/ela-celebrates-world-mother-language-day\/#primaryimage\"},\"thumbnailUrl\":\"https:\/\/lomasaltas.edu.mx\/wp-content\/uploads\/2021\/01\/blog_ela.png\",\"articleSection\":[\"Uncategorized\"],\"inLanguage\":\"es\",\"potentialAction\":[{\"@type\":\"CommentAction\",\"name\":\"Comment\",\"target\":[\"https:\/\/lomasaltas.edu.mx\/ela-celebrates-world-mother-language-day\/#respond\"]}]},{\"@type\":\"WebPage\",\"@id\":\"https:\/\/lomasaltas.edu.mx\/ela-celebrates-world-mother-language-day\/\",\"url\":\"https:\/\/lomasaltas.edu.mx\/ela-celebrates-world-mother-language-day\/\",\"name\":\"ELA Celebrates World Mother Language Day - Escuela Lomas Altas\",\"isPartOf\":{\"@id\":\"https:\/\/lomasaltas.edu.mx\/#website\"},\"primaryImageOfPage\":{\"@id\":\"https:\/\/lomasaltas.edu.mx\/ela-celebrates-world-mother-language-day\/#primaryimage\"},\"image\":{\"@id\":\"https:\/\/lomasaltas.edu.mx\/ela-celebrates-world-mother-language-day\/#primaryimage\"},\"thumbnailUrl\":\"https:\/\/lomasaltas.edu.mx\/wp-content\/uploads\/2021\/01\/blog_ela.png\",\"datePublished\":\"2022-02-24T18:49:00+00:00\",\"dateModified\":\"2022-03-01T22:14:25+00:00\",\"breadcrumb\":{\"@id\":\"https:\/\/lomasaltas.edu.mx\/ela-celebrates-world-mother-language-day\/#breadcrumb\"},\"inLanguage\":\"es\",\"potentialAction\":[{\"@type\":\"ReadAction\",\"target\":[\"https:\/\/lomasaltas.edu.mx\/ela-celebrates-world-mother-language-day\/\"]}]},{\"@type\":\"ImageObject\",\"inLanguage\":\"es\",\"@id\":\"https:\/\/lomasaltas.edu.mx\/ela-celebrates-world-mother-language-day\/#primaryimage\",\"url\":\"https:\/\/lomasaltas.edu.mx\/wp-content\/uploads\/2021\/01\/blog_ela.png\",\"contentUrl\":\"https:\/\/lomasaltas.edu.mx\/wp-content\/uploads\/2021\/01\/blog_ela.png\",\"width\":1562,\"height\":700},{\"@type\":\"BreadcrumbList\",\"@id\":\"https:\/\/lomasaltas.edu.mx\/ela-celebrates-world-mother-language-day\/#breadcrumb\",\"itemListElement\":[{\"@type\":\"ListItem\",\"position\":1,\"name\":\"Home\",\"item\":\"https:\/\/lomasaltas.edu.mx\/\"},{\"@type\":\"ListItem\",\"position\":2,\"name\":\"ELA Celebrates World Mother Language Day\"}]},{\"@type\":\"WebSite\",\"@id\":\"https:\/\/lomasaltas.edu.mx\/#website\",\"url\":\"https:\/\/lomasaltas.edu.mx\/\",\"name\":\"Escuela Lomas Altas\",\"description\":\"Love for learning\",\"publisher\":{\"@id\":\"https:\/\/lomasaltas.edu.mx\/#organization\"},\"potentialAction\":[{\"@type\":\"SearchAction\",\"target\":{\"@type\":\"EntryPoint\",\"urlTemplate\":\"https:\/\/lomasaltas.edu.mx\/?s={search_term_string}\"},\"query-input\":{\"@type\":\"PropertyValueSpecification\",\"valueRequired\":true,\"valueName\":\"search_term_string\"}}],\"inLanguage\":\"es\"},{\"@type\":\"Organization\",\"@id\":\"https:\/\/lomasaltas.edu.mx\/#organization\",\"name\":\"Escuela Lomas Altas\",\"url\":\"https:\/\/lomasaltas.edu.mx\/\",\"logo\":{\"@type\":\"ImageObject\",\"inLanguage\":\"es\",\"@id\":\"https:\/\/lomasaltas.edu.mx\/#\/schema\/logo\/image\/\",\"url\":\"https:\/\/lomasaltas.edu.mx\/wp-content\/uploads\/2020\/07\/logo_ela_5.png\",\"contentUrl\":\"https:\/\/lomasaltas.edu.mx\/wp-content\/uploads\/2020\/07\/logo_ela_5.png\",\"width\":1038,\"height\":348,\"caption\":\"Escuela Lomas Altas\"},\"image\":{\"@id\":\"https:\/\/lomasaltas.edu.mx\/#\/schema\/logo\/image\/\"}},{\"@type\":\"Person\",\"@id\":\"https:\/\/lomasaltas.edu.mx\/#\/schema\/person\/db9455d26a1c5b553b0df1be9ea06b9e\",\"name\":\"Manuel Gonz\u00e1lez\",\"image\":{\"@type\":\"ImageObject\",\"inLanguage\":\"es\",\"@id\":\"https:\/\/lomasaltas.edu.mx\/#\/schema\/person\/image\/\",\"url\":\"https:\/\/secure.gravatar.com\/avatar\/3c75af338bf346a59ef3547872a84cd0?s=96&d=mm&r=g\",\"contentUrl\":\"https:\/\/secure.gravatar.com\/avatar\/3c75af338bf346a59ef3547872a84cd0?s=96&d=mm&r=g\",\"caption\":\"Manuel Gonz\u00e1lez\"},\"url\":\"https:\/\/lomasaltas.edu.mx\/es\/author\/manuel_gonzalez\/\"}]}<\/script>\n<!-- \/ Yoast SEO plugin. -->","yoast_head_json":{"title":"ELA Celebrates World Mother Language Day - Escuela Lomas Altas","robots":{"index":"index","follow":"follow","max-snippet":"max-snippet:-1","max-image-preview":"max-image-preview:large","max-video-preview":"max-video-preview:-1"},"canonical":"https:\/\/lomasaltas.edu.mx\/es\/ela-celebrates-world-mother-language-day\/","og_locale":"es_ES","og_type":"article","og_title":"ELA Celebrates World Mother Language Day - Escuela Lomas Altas","og_description":"This week, the ELA community celebrated World Mother Language Day,&nbsp;a worldwide annual observance that promotes awareness of linguistic and cultural diversity and to promote multiculturalism, two key cornerstones of ELA&#8217;s mission.This year, Escuela Lomas Altas librarian, Prof. Garreth, organised a day of reading the Jack and the Beanstalk story in over seven languages, from Portuguese [&hellip;]","og_url":"https:\/\/lomasaltas.edu.mx\/es\/ela-celebrates-world-mother-language-day\/","og_site_name":"Escuela Lomas Altas","article_published_time":"2022-02-24T18:49:00+00:00","article_modified_time":"2022-03-01T22:14:25+00:00","og_image":[{"width":1562,"height":700,"url":"https:\/\/lomasaltas.edu.mx\/wp-content\/uploads\/2021\/01\/blog_ela.png","type":"image\/png"}],"author":"Manuel Gonz\u00e1lez","twitter_card":"summary_large_image","twitter_misc":{"Escrito por":"Manuel Gonz\u00e1lez","Tiempo de lectura":"1 minuto"},"schema":{"@context":"https:\/\/schema.org","@graph":[{"@type":"Article","@id":"https:\/\/lomasaltas.edu.mx\/ela-celebrates-world-mother-language-day\/#article","isPartOf":{"@id":"https:\/\/lomasaltas.edu.mx\/ela-celebrates-world-mother-language-day\/"},"author":{"name":"Manuel Gonz\u00e1lez","@id":"https:\/\/lomasaltas.edu.mx\/#\/schema\/person\/db9455d26a1c5b553b0df1be9ea06b9e"},"headline":"ELA Celebrates World Mother Language Day","datePublished":"2022-02-24T18:49:00+00:00","dateModified":"2022-03-01T22:14:25+00:00","mainEntityOfPage":{"@id":"https:\/\/lomasaltas.edu.mx\/ela-celebrates-world-mother-language-day\/"},"wordCount":111,"commentCount":0,"publisher":{"@id":"https:\/\/lomasaltas.edu.mx\/#organization"},"image":{"@id":"https:\/\/lomasaltas.edu.mx\/ela-celebrates-world-mother-language-day\/#primaryimage"},"thumbnailUrl":"https:\/\/lomasaltas.edu.mx\/wp-content\/uploads\/2021\/01\/blog_ela.png","articleSection":["Uncategorized"],"inLanguage":"es","potentialAction":[{"@type":"CommentAction","name":"Comment","target":["https:\/\/lomasaltas.edu.mx\/ela-celebrates-world-mother-language-day\/#respond"]}]},{"@type":"WebPage","@id":"https:\/\/lomasaltas.edu.mx\/ela-celebrates-world-mother-language-day\/","url":"https:\/\/lomasaltas.edu.mx\/ela-celebrates-world-mother-language-day\/","name":"ELA Celebrates World Mother Language Day - Escuela Lomas Altas","isPartOf":{"@id":"https:\/\/lomasaltas.edu.mx\/#website"},"primaryImageOfPage":{"@id":"https:\/\/lomasaltas.edu.mx\/ela-celebrates-world-mother-language-day\/#primaryimage"},"image":{"@id":"https:\/\/lomasaltas.edu.mx\/ela-celebrates-world-mother-language-day\/#primaryimage"},"thumbnailUrl":"https:\/\/lomasaltas.edu.mx\/wp-content\/uploads\/2021\/01\/blog_ela.png","datePublished":"2022-02-24T18:49:00+00:00","dateModified":"2022-03-01T22:14:25+00:00","breadcrumb":{"@id":"https:\/\/lomasaltas.edu.mx\/ela-celebrates-world-mother-language-day\/#breadcrumb"},"inLanguage":"es","potentialAction":[{"@type":"ReadAction","target":["https:\/\/lomasaltas.edu.mx\/ela-celebrates-world-mother-language-day\/"]}]},{"@type":"ImageObject","inLanguage":"es","@id":"https:\/\/lomasaltas.edu.mx\/ela-celebrates-world-mother-language-day\/#primaryimage","url":"https:\/\/lomasaltas.edu.mx\/wp-content\/uploads\/2021\/01\/blog_ela.png","contentUrl":"https:\/\/lomasaltas.edu.mx\/wp-content\/uploads\/2021\/01\/blog_ela.png","width":1562,"height":700},{"@type":"BreadcrumbList","@id":"https:\/\/lomasaltas.edu.mx\/ela-celebrates-world-mother-language-day\/#breadcrumb","itemListElement":[{"@type":"ListItem","position":1,"name":"Home","item":"https:\/\/lomasaltas.edu.mx\/"},{"@type":"ListItem","position":2,"name":"ELA Celebrates World Mother Language Day"}]},{"@type":"WebSite","@id":"https:\/\/lomasaltas.edu.mx\/#website","url":"https:\/\/lomasaltas.edu.mx\/","name":"Escuela Lomas Altas","description":"Love for learning","publisher":{"@id":"https:\/\/lomasaltas.edu.mx\/#organization"},"potentialAction":[{"@type":"SearchAction","target":{"@type":"EntryPoint","urlTemplate":"https:\/\/lomasaltas.edu.mx\/?s={search_term_string}"},"query-input":{"@type":"PropertyValueSpecification","valueRequired":true,"valueName":"search_term_string"}}],"inLanguage":"es"},{"@type":"Organization","@id":"https:\/\/lomasaltas.edu.mx\/#organization","name":"Escuela Lomas Altas","url":"https:\/\/lomasaltas.edu.mx\/","logo":{"@type":"ImageObject","inLanguage":"es","@id":"https:\/\/lomasaltas.edu.mx\/#\/schema\/logo\/image\/","url":"https:\/\/lomasaltas.edu.mx\/wp-content\/uploads\/2020\/07\/logo_ela_5.png","contentUrl":"https:\/\/lomasaltas.edu.mx\/wp-content\/uploads\/2020\/07\/logo_ela_5.png","width":1038,"height":348,"caption":"Escuela Lomas Altas"},"image":{"@id":"https:\/\/lomasaltas.edu.mx\/#\/schema\/logo\/image\/"}},{"@type":"Person","@id":"https:\/\/lomasaltas.edu.mx\/#\/schema\/person\/db9455d26a1c5b553b0df1be9ea06b9e","name":"Manuel Gonz\u00e1lez","image":{"@type":"ImageObject","inLanguage":"es","@id":"https:\/\/lomasaltas.edu.mx\/#\/schema\/person\/image\/","url":"https:\/\/secure.gravatar.com\/avatar\/3c75af338bf346a59ef3547872a84cd0?s=96&d=mm&r=g","contentUrl":"https:\/\/secure.gravatar.com\/avatar\/3c75af338bf346a59ef3547872a84cd0?s=96&d=mm&r=g","caption":"Manuel Gonz\u00e1lez"},"url":"https:\/\/lomasaltas.edu.mx\/es\/author\/manuel_gonzalez\/"}]}},"_links":{"self":[{"href":"https:\/\/lomasaltas.edu.mx\/es\/wp-json\/wp\/v2\/posts\/828","targetHints":{"allow":["GET"]}}],"collection":[{"href":"https:\/\/lomasaltas.edu.mx\/es\/wp-json\/wp\/v2\/posts"}],"about":[{"href":"https:\/\/lomasaltas.edu.mx\/es\/wp-json\/wp\/v2\/types\/post"}],"author":[{"embeddable":true,"href":"https:\/\/lomasaltas.edu.mx\/es\/wp-json\/wp\/v2\/users\/3"}],"replies":[{"embeddable":true,"href":"https:\/\/lomasaltas.edu.mx\/es\/wp-json\/wp\/v2\/comments?post=828"}],"version-history":[{"count":5,"href":"https:\/\/lomasaltas.edu.mx\/es\/wp-json\/wp\/v2\/posts\/828\/revisions"}],"predecessor-version":[{"id":838,"href":"https:\/\/lomasaltas.edu.mx\/es\/wp-json\/wp\/v2\/posts\/828\/revisions\/838"}],"wp:featuredmedia":[{"embeddable":true,"href":"https:\/\/lomasaltas.edu.mx\/es\/wp-json\/wp\/v2\/media\/530"}],"wp:attachment":[{"href":"https:\/\/lomasaltas.edu.mx\/es\/wp-json\/wp\/v2\/media?parent=828"}],"wp:term":[{"taxonomy":"category","embeddable":true,"href":"https:\/\/lomasaltas.edu.mx\/es\/wp-json\/wp\/v2\/categories?post=828"},{"taxonomy":"post_tag","embeddable":true,"href":"https:\/\/lomasaltas.edu.mx\/es\/wp-json\/wp\/v2\/tags?post=828"}],"curies":[{"name":"wp","href":"https:\/\/api.w.org\/{rel}","templated":true}]}}