{"id":892,"date":"2022-03-28T10:57:10","date_gmt":"2022-03-28T16:57:10","guid":{"rendered":"https:\/\/lomasaltas.edu.mx\/?p=892"},"modified":"2022-03-29T08:20:19","modified_gmt":"2022-03-29T14:20:19","slug":"ela-closes-remote-learning-platform-and-returns-to-full-time-campus-schedule","status":"publish","type":"post","link":"https:\/\/lomasaltas.edu.mx\/es\/ela-closes-remote-learning-platform-and-returns-to-full-time-campus-schedule\/","title":{"rendered":"ELA cierra la plataforma de aprendizaje remoto y regresa al horario de tiempo completo"},"content":{"rendered":"<p>\u00a0Despu\u00e9s de dos a\u00f1os llenos de aprendizaje, reflexiones y experiencias formativas, nos complace informar que todas las familias de ELA est\u00e1n de regreso en el campus, lo que deriv\u00f3 en la decisi\u00f3n de cerrar nuestra plataforma de aprendizaje remoto. Durante dos a\u00f1os, fue a trav\u00e9s de esta plataforma que pudimos seguir siendo un centro de aprendizaje durante tiempos inciertos.\u00a0<br>Tambi\u00e9n nos complace anunciar que volvemos a nuestro horario original. Esto significa que a partir de hoy, tanto Preescolar como Primaria ingresar\u00e1n a las 8:00 a.m., de la siguiente manera:\u00a0<\/p>\n\n\n\n<ul class=\"wp-block-list\"><li>&nbsp; &nbsp; &nbsp; &nbsp; &nbsp; Nursery, Kinder 1, Kinder 2 y Kinder 3:\u00a0 \u00a08:00 a.m. \u2013 12:30 p.m.&nbsp;<\/li><\/ul>\n\n\n\n<ul class=\"wp-block-list\"><li>&nbsp; &nbsp; &nbsp; &nbsp; &nbsp; Pre-first:\u00a0 \u00a0 \u00a0 \u00a0 \u00a0Lunes, Mi\u00e9rcoles, Viernes \u2013 8:00 a.m. \u2013 12:30 p.m.<\/li><\/ul>\n\n\n\n<p>&nbsp; &nbsp; &nbsp; &nbsp; &nbsp; &nbsp; &nbsp; &nbsp; &nbsp; &nbsp; &nbsp; &nbsp; &nbsp; &nbsp; &nbsp; &nbsp; &nbsp; &nbsp; &nbsp; &nbsp;   Martes y Jueves \u2013 8:00 a.m.\u00a0 \u2013 2:00 p.m.&nbsp;<\/p>\n\n\n\n<ul class=\"wp-block-list\"><li>&nbsp; &nbsp; &nbsp; &nbsp; &nbsp; Primaria:\u00a0 \u00a0 \u00a0 \u00a08:00 a.m. \u2013 2:00 p.m.&nbsp;<\/li><\/ul>\n\n\n\n<p>Tenga en cuenta que las actividades extracurriculares para preescolar comenzar\u00e1n a las 12:30 p.m. Las tarifas seguir\u00e1n siendo las mismas\u00a0<br>Llegar a este punto nos da a todos una sensaci\u00f3n de normalidad y paz interior. Queremos agradecer a todos y cada uno de ustedes por hacer esto posible; es gracias a su apoyo y voto de confianza que hemos alcanzado esta etapa\u00a0<br>Creemos que estos dos a\u00f1os han fortalecido a nuestra comunidad y han renovado nuestras pr\u00e1cticas.\u00a0<\/p>","protected":false},"excerpt":{"rendered":"<p>\u00a0After two years filled with learning, reflections and formative experiences, we are thrilled to report that all ELA families are back on campus, resulting in our decision to close down our remote learning platform. For two years, it was through this platform\u00a0that we were able to continue to be a centre for learning during uncertain [&hellip;]<\/p>","protected":false},"author":3,"featured_media":530,"comment_status":"open","ping_status":"open","sticky":false,"template":"","format":"standard","meta":{"footnotes":""},"categories":[1],"tags":[],"class_list":["post-892","post","type-post","status-publish","format-standard","has-post-thumbnail","hentry","category-uncategorized"],"yoast_head":"<!-- This site is optimized with the Yoast SEO plugin v26.8 - https:\/\/yoast.com\/product\/yoast-seo-wordpress\/ -->\n<title>ELA Closes Remote Learning Platform and Returns to Full-Time Campus Schedule - Escuela Lomas Altas<\/title>\n<meta name=\"robots\" content=\"index, follow, max-snippet:-1, max-image-preview:large, max-video-preview:-1\" \/>\n<link rel=\"canonical\" href=\"https:\/\/lomasaltas.edu.mx\/es\/ela-closes-remote-learning-platform-and-returns-to-full-time-campus-schedule\/\" \/>\n<meta property=\"og:locale\" content=\"es_ES\" \/>\n<meta property=\"og:type\" content=\"article\" \/>\n<meta property=\"og:title\" content=\"ELA Closes Remote Learning Platform and Returns to Full-Time Campus Schedule - Escuela Lomas Altas\" \/>\n<meta property=\"og:description\" content=\"\u00a0After two years filled with learning, reflections and formative experiences, we are thrilled to report that all ELA families are back on campus, resulting in our decision to close down our remote learning platform. For two years, it was through this platform\u00a0that we were able to continue to be a centre for learning during uncertain [&hellip;]\" \/>\n<meta property=\"og:url\" content=\"https:\/\/lomasaltas.edu.mx\/es\/ela-closes-remote-learning-platform-and-returns-to-full-time-campus-schedule\/\" \/>\n<meta property=\"og:site_name\" content=\"Escuela Lomas Altas\" \/>\n<meta property=\"article:published_time\" content=\"2022-03-28T16:57:10+00:00\" \/>\n<meta property=\"article:modified_time\" content=\"2022-03-29T14:20:19+00:00\" \/>\n<meta property=\"og:image\" content=\"https:\/\/lomasaltas.edu.mx\/wp-content\/uploads\/2021\/01\/blog_ela.png\" \/>\n\t<meta property=\"og:image:width\" content=\"1562\" \/>\n\t<meta property=\"og:image:height\" content=\"700\" \/>\n\t<meta property=\"og:image:type\" content=\"image\/png\" \/>\n<meta name=\"author\" content=\"Manuel Gonz\u00e1lez\" \/>\n<meta name=\"twitter:card\" content=\"summary_large_image\" \/>\n<meta name=\"twitter:label1\" content=\"Escrito por\" \/>\n\t<meta name=\"twitter:data1\" content=\"Manuel Gonz\u00e1lez\" \/>\n\t<meta name=\"twitter:label2\" content=\"Tiempo de lectura\" \/>\n\t<meta name=\"twitter:data2\" content=\"2 minutos\" \/>\n<script type=\"application\/ld+json\" class=\"yoast-schema-graph\">{\"@context\":\"https:\/\/schema.org\",\"@graph\":[{\"@type\":\"Article\",\"@id\":\"https:\/\/lomasaltas.edu.mx\/ela-closes-remote-learning-platform-and-returns-to-full-time-campus-schedule\/#article\",\"isPartOf\":{\"@id\":\"https:\/\/lomasaltas.edu.mx\/ela-closes-remote-learning-platform-and-returns-to-full-time-campus-schedule\/\"},\"author\":{\"name\":\"Manuel Gonz\u00e1lez\",\"@id\":\"https:\/\/lomasaltas.edu.mx\/#\/schema\/person\/db9455d26a1c5b553b0df1be9ea06b9e\"},\"headline\":\"ELA Closes Remote Learning Platform and Returns to Full-Time Campus Schedule\",\"datePublished\":\"2022-03-28T16:57:10+00:00\",\"dateModified\":\"2022-03-29T14:20:19+00:00\",\"mainEntityOfPage\":{\"@id\":\"https:\/\/lomasaltas.edu.mx\/ela-closes-remote-learning-platform-and-returns-to-full-time-campus-schedule\/\"},\"wordCount\":259,\"commentCount\":0,\"publisher\":{\"@id\":\"https:\/\/lomasaltas.edu.mx\/#organization\"},\"image\":{\"@id\":\"https:\/\/lomasaltas.edu.mx\/ela-closes-remote-learning-platform-and-returns-to-full-time-campus-schedule\/#primaryimage\"},\"thumbnailUrl\":\"https:\/\/lomasaltas.edu.mx\/wp-content\/uploads\/2021\/01\/blog_ela.png\",\"articleSection\":[\"Uncategorized\"],\"inLanguage\":\"es\",\"potentialAction\":[{\"@type\":\"CommentAction\",\"name\":\"Comment\",\"target\":[\"https:\/\/lomasaltas.edu.mx\/ela-closes-remote-learning-platform-and-returns-to-full-time-campus-schedule\/#respond\"]}]},{\"@type\":\"WebPage\",\"@id\":\"https:\/\/lomasaltas.edu.mx\/ela-closes-remote-learning-platform-and-returns-to-full-time-campus-schedule\/\",\"url\":\"https:\/\/lomasaltas.edu.mx\/ela-closes-remote-learning-platform-and-returns-to-full-time-campus-schedule\/\",\"name\":\"ELA Closes Remote Learning Platform and Returns to Full-Time Campus Schedule - Escuela Lomas Altas\",\"isPartOf\":{\"@id\":\"https:\/\/lomasaltas.edu.mx\/#website\"},\"primaryImageOfPage\":{\"@id\":\"https:\/\/lomasaltas.edu.mx\/ela-closes-remote-learning-platform-and-returns-to-full-time-campus-schedule\/#primaryimage\"},\"image\":{\"@id\":\"https:\/\/lomasaltas.edu.mx\/ela-closes-remote-learning-platform-and-returns-to-full-time-campus-schedule\/#primaryimage\"},\"thumbnailUrl\":\"https:\/\/lomasaltas.edu.mx\/wp-content\/uploads\/2021\/01\/blog_ela.png\",\"datePublished\":\"2022-03-28T16:57:10+00:00\",\"dateModified\":\"2022-03-29T14:20:19+00:00\",\"breadcrumb\":{\"@id\":\"https:\/\/lomasaltas.edu.mx\/ela-closes-remote-learning-platform-and-returns-to-full-time-campus-schedule\/#breadcrumb\"},\"inLanguage\":\"es\",\"potentialAction\":[{\"@type\":\"ReadAction\",\"target\":[\"https:\/\/lomasaltas.edu.mx\/ela-closes-remote-learning-platform-and-returns-to-full-time-campus-schedule\/\"]}]},{\"@type\":\"ImageObject\",\"inLanguage\":\"es\",\"@id\":\"https:\/\/lomasaltas.edu.mx\/ela-closes-remote-learning-platform-and-returns-to-full-time-campus-schedule\/#primaryimage\",\"url\":\"https:\/\/lomasaltas.edu.mx\/wp-content\/uploads\/2021\/01\/blog_ela.png\",\"contentUrl\":\"https:\/\/lomasaltas.edu.mx\/wp-content\/uploads\/2021\/01\/blog_ela.png\",\"width\":1562,\"height\":700},{\"@type\":\"BreadcrumbList\",\"@id\":\"https:\/\/lomasaltas.edu.mx\/ela-closes-remote-learning-platform-and-returns-to-full-time-campus-schedule\/#breadcrumb\",\"itemListElement\":[{\"@type\":\"ListItem\",\"position\":1,\"name\":\"Home\",\"item\":\"https:\/\/lomasaltas.edu.mx\/\"},{\"@type\":\"ListItem\",\"position\":2,\"name\":\"ELA Closes Remote Learning Platform and Returns to Full-Time Campus Schedule\"}]},{\"@type\":\"WebSite\",\"@id\":\"https:\/\/lomasaltas.edu.mx\/#website\",\"url\":\"https:\/\/lomasaltas.edu.mx\/\",\"name\":\"Escuela Lomas Altas\",\"description\":\"Love for learning\",\"publisher\":{\"@id\":\"https:\/\/lomasaltas.edu.mx\/#organization\"},\"potentialAction\":[{\"@type\":\"SearchAction\",\"target\":{\"@type\":\"EntryPoint\",\"urlTemplate\":\"https:\/\/lomasaltas.edu.mx\/?s={search_term_string}\"},\"query-input\":{\"@type\":\"PropertyValueSpecification\",\"valueRequired\":true,\"valueName\":\"search_term_string\"}}],\"inLanguage\":\"es\"},{\"@type\":\"Organization\",\"@id\":\"https:\/\/lomasaltas.edu.mx\/#organization\",\"name\":\"Escuela Lomas Altas\",\"url\":\"https:\/\/lomasaltas.edu.mx\/\",\"logo\":{\"@type\":\"ImageObject\",\"inLanguage\":\"es\",\"@id\":\"https:\/\/lomasaltas.edu.mx\/#\/schema\/logo\/image\/\",\"url\":\"https:\/\/lomasaltas.edu.mx\/wp-content\/uploads\/2020\/07\/logo_ela_5.png\",\"contentUrl\":\"https:\/\/lomasaltas.edu.mx\/wp-content\/uploads\/2020\/07\/logo_ela_5.png\",\"width\":1038,\"height\":348,\"caption\":\"Escuela Lomas Altas\"},\"image\":{\"@id\":\"https:\/\/lomasaltas.edu.mx\/#\/schema\/logo\/image\/\"}},{\"@type\":\"Person\",\"@id\":\"https:\/\/lomasaltas.edu.mx\/#\/schema\/person\/db9455d26a1c5b553b0df1be9ea06b9e\",\"name\":\"Manuel Gonz\u00e1lez\",\"image\":{\"@type\":\"ImageObject\",\"inLanguage\":\"es\",\"@id\":\"https:\/\/lomasaltas.edu.mx\/#\/schema\/person\/image\/\",\"url\":\"https:\/\/secure.gravatar.com\/avatar\/3c75af338bf346a59ef3547872a84cd0?s=96&d=mm&r=g\",\"contentUrl\":\"https:\/\/secure.gravatar.com\/avatar\/3c75af338bf346a59ef3547872a84cd0?s=96&d=mm&r=g\",\"caption\":\"Manuel Gonz\u00e1lez\"},\"url\":\"https:\/\/lomasaltas.edu.mx\/es\/author\/manuel_gonzalez\/\"}]}<\/script>\n<!-- \/ Yoast SEO plugin. -->","yoast_head_json":{"title":"ELA Closes Remote Learning Platform and Returns to Full-Time Campus Schedule - Escuela Lomas Altas","robots":{"index":"index","follow":"follow","max-snippet":"max-snippet:-1","max-image-preview":"max-image-preview:large","max-video-preview":"max-video-preview:-1"},"canonical":"https:\/\/lomasaltas.edu.mx\/es\/ela-closes-remote-learning-platform-and-returns-to-full-time-campus-schedule\/","og_locale":"es_ES","og_type":"article","og_title":"ELA Closes Remote Learning Platform and Returns to Full-Time Campus Schedule - Escuela Lomas Altas","og_description":"\u00a0After two years filled with learning, reflections and formative experiences, we are thrilled to report that all ELA families are back on campus, resulting in our decision to close down our remote learning platform. For two years, it was through this platform\u00a0that we were able to continue to be a centre for learning during uncertain [&hellip;]","og_url":"https:\/\/lomasaltas.edu.mx\/es\/ela-closes-remote-learning-platform-and-returns-to-full-time-campus-schedule\/","og_site_name":"Escuela Lomas Altas","article_published_time":"2022-03-28T16:57:10+00:00","article_modified_time":"2022-03-29T14:20:19+00:00","og_image":[{"width":1562,"height":700,"url":"https:\/\/lomasaltas.edu.mx\/wp-content\/uploads\/2021\/01\/blog_ela.png","type":"image\/png"}],"author":"Manuel Gonz\u00e1lez","twitter_card":"summary_large_image","twitter_misc":{"Escrito por":"Manuel Gonz\u00e1lez","Tiempo de lectura":"2 minutos"},"schema":{"@context":"https:\/\/schema.org","@graph":[{"@type":"Article","@id":"https:\/\/lomasaltas.edu.mx\/ela-closes-remote-learning-platform-and-returns-to-full-time-campus-schedule\/#article","isPartOf":{"@id":"https:\/\/lomasaltas.edu.mx\/ela-closes-remote-learning-platform-and-returns-to-full-time-campus-schedule\/"},"author":{"name":"Manuel Gonz\u00e1lez","@id":"https:\/\/lomasaltas.edu.mx\/#\/schema\/person\/db9455d26a1c5b553b0df1be9ea06b9e"},"headline":"ELA Closes Remote Learning Platform and Returns to Full-Time Campus Schedule","datePublished":"2022-03-28T16:57:10+00:00","dateModified":"2022-03-29T14:20:19+00:00","mainEntityOfPage":{"@id":"https:\/\/lomasaltas.edu.mx\/ela-closes-remote-learning-platform-and-returns-to-full-time-campus-schedule\/"},"wordCount":259,"commentCount":0,"publisher":{"@id":"https:\/\/lomasaltas.edu.mx\/#organization"},"image":{"@id":"https:\/\/lomasaltas.edu.mx\/ela-closes-remote-learning-platform-and-returns-to-full-time-campus-schedule\/#primaryimage"},"thumbnailUrl":"https:\/\/lomasaltas.edu.mx\/wp-content\/uploads\/2021\/01\/blog_ela.png","articleSection":["Uncategorized"],"inLanguage":"es","potentialAction":[{"@type":"CommentAction","name":"Comment","target":["https:\/\/lomasaltas.edu.mx\/ela-closes-remote-learning-platform-and-returns-to-full-time-campus-schedule\/#respond"]}]},{"@type":"WebPage","@id":"https:\/\/lomasaltas.edu.mx\/ela-closes-remote-learning-platform-and-returns-to-full-time-campus-schedule\/","url":"https:\/\/lomasaltas.edu.mx\/ela-closes-remote-learning-platform-and-returns-to-full-time-campus-schedule\/","name":"ELA Closes Remote Learning Platform and Returns to Full-Time Campus Schedule - Escuela Lomas Altas","isPartOf":{"@id":"https:\/\/lomasaltas.edu.mx\/#website"},"primaryImageOfPage":{"@id":"https:\/\/lomasaltas.edu.mx\/ela-closes-remote-learning-platform-and-returns-to-full-time-campus-schedule\/#primaryimage"},"image":{"@id":"https:\/\/lomasaltas.edu.mx\/ela-closes-remote-learning-platform-and-returns-to-full-time-campus-schedule\/#primaryimage"},"thumbnailUrl":"https:\/\/lomasaltas.edu.mx\/wp-content\/uploads\/2021\/01\/blog_ela.png","datePublished":"2022-03-28T16:57:10+00:00","dateModified":"2022-03-29T14:20:19+00:00","breadcrumb":{"@id":"https:\/\/lomasaltas.edu.mx\/ela-closes-remote-learning-platform-and-returns-to-full-time-campus-schedule\/#breadcrumb"},"inLanguage":"es","potentialAction":[{"@type":"ReadAction","target":["https:\/\/lomasaltas.edu.mx\/ela-closes-remote-learning-platform-and-returns-to-full-time-campus-schedule\/"]}]},{"@type":"ImageObject","inLanguage":"es","@id":"https:\/\/lomasaltas.edu.mx\/ela-closes-remote-learning-platform-and-returns-to-full-time-campus-schedule\/#primaryimage","url":"https:\/\/lomasaltas.edu.mx\/wp-content\/uploads\/2021\/01\/blog_ela.png","contentUrl":"https:\/\/lomasaltas.edu.mx\/wp-content\/uploads\/2021\/01\/blog_ela.png","width":1562,"height":700},{"@type":"BreadcrumbList","@id":"https:\/\/lomasaltas.edu.mx\/ela-closes-remote-learning-platform-and-returns-to-full-time-campus-schedule\/#breadcrumb","itemListElement":[{"@type":"ListItem","position":1,"name":"Home","item":"https:\/\/lomasaltas.edu.mx\/"},{"@type":"ListItem","position":2,"name":"ELA Closes Remote Learning Platform and Returns to Full-Time Campus Schedule"}]},{"@type":"WebSite","@id":"https:\/\/lomasaltas.edu.mx\/#website","url":"https:\/\/lomasaltas.edu.mx\/","name":"Escuela Lomas Altas","description":"Love for learning","publisher":{"@id":"https:\/\/lomasaltas.edu.mx\/#organization"},"potentialAction":[{"@type":"SearchAction","target":{"@type":"EntryPoint","urlTemplate":"https:\/\/lomasaltas.edu.mx\/?s={search_term_string}"},"query-input":{"@type":"PropertyValueSpecification","valueRequired":true,"valueName":"search_term_string"}}],"inLanguage":"es"},{"@type":"Organization","@id":"https:\/\/lomasaltas.edu.mx\/#organization","name":"Escuela Lomas Altas","url":"https:\/\/lomasaltas.edu.mx\/","logo":{"@type":"ImageObject","inLanguage":"es","@id":"https:\/\/lomasaltas.edu.mx\/#\/schema\/logo\/image\/","url":"https:\/\/lomasaltas.edu.mx\/wp-content\/uploads\/2020\/07\/logo_ela_5.png","contentUrl":"https:\/\/lomasaltas.edu.mx\/wp-content\/uploads\/2020\/07\/logo_ela_5.png","width":1038,"height":348,"caption":"Escuela Lomas Altas"},"image":{"@id":"https:\/\/lomasaltas.edu.mx\/#\/schema\/logo\/image\/"}},{"@type":"Person","@id":"https:\/\/lomasaltas.edu.mx\/#\/schema\/person\/db9455d26a1c5b553b0df1be9ea06b9e","name":"Manuel Gonz\u00e1lez","image":{"@type":"ImageObject","inLanguage":"es","@id":"https:\/\/lomasaltas.edu.mx\/#\/schema\/person\/image\/","url":"https:\/\/secure.gravatar.com\/avatar\/3c75af338bf346a59ef3547872a84cd0?s=96&d=mm&r=g","contentUrl":"https:\/\/secure.gravatar.com\/avatar\/3c75af338bf346a59ef3547872a84cd0?s=96&d=mm&r=g","caption":"Manuel Gonz\u00e1lez"},"url":"https:\/\/lomasaltas.edu.mx\/es\/author\/manuel_gonzalez\/"}]}},"_links":{"self":[{"href":"https:\/\/lomasaltas.edu.mx\/es\/wp-json\/wp\/v2\/posts\/892","targetHints":{"allow":["GET"]}}],"collection":[{"href":"https:\/\/lomasaltas.edu.mx\/es\/wp-json\/wp\/v2\/posts"}],"about":[{"href":"https:\/\/lomasaltas.edu.mx\/es\/wp-json\/wp\/v2\/types\/post"}],"author":[{"embeddable":true,"href":"https:\/\/lomasaltas.edu.mx\/es\/wp-json\/wp\/v2\/users\/3"}],"replies":[{"embeddable":true,"href":"https:\/\/lomasaltas.edu.mx\/es\/wp-json\/wp\/v2\/comments?post=892"}],"version-history":[{"count":5,"href":"https:\/\/lomasaltas.edu.mx\/es\/wp-json\/wp\/v2\/posts\/892\/revisions"}],"predecessor-version":[{"id":897,"href":"https:\/\/lomasaltas.edu.mx\/es\/wp-json\/wp\/v2\/posts\/892\/revisions\/897"}],"wp:featuredmedia":[{"embeddable":true,"href":"https:\/\/lomasaltas.edu.mx\/es\/wp-json\/wp\/v2\/media\/530"}],"wp:attachment":[{"href":"https:\/\/lomasaltas.edu.mx\/es\/wp-json\/wp\/v2\/media?parent=892"}],"wp:term":[{"taxonomy":"category","embeddable":true,"href":"https:\/\/lomasaltas.edu.mx\/es\/wp-json\/wp\/v2\/categories?post=892"},{"taxonomy":"post_tag","embeddable":true,"href":"https:\/\/lomasaltas.edu.mx\/es\/wp-json\/wp\/v2\/tags?post=892"}],"curies":[{"name":"wp","href":"https:\/\/api.w.org\/{rel}","templated":true}]}}